{"id":96737,"date":"2023-01-13T14:18:29","date_gmt":"2023-01-13T17:18:29","guid":{"rendered":"https:\/\/primicias2262.com\/?p=96737"},"modified":"2023-01-13T14:18:29","modified_gmt":"2023-01-13T17:18:29","slug":"convocan-a-inscribirse-para-participar-del-desfile-del-62o-festival-infantil","status":"publish","type":"post","link":"https:\/\/primicias2262.com\/noticias\/convocan-a-inscribirse-para-participar-del-desfile-del-62o-festival-infantil\/","title":{"rendered":"Convocan a inscribirse para participar del desfile del 62\u00ba Festival Infantil"},"content":{"rendered":"<p><strong>La Direcci\u00f3n de Cultura especific\u00f3 que la convocatoria es tanto a adolescentes como adultos y tienen tiempo de anotarse hasta el 21 de enero.<\/strong><\/p>\n<p>En el marco de la 62\u00ba edici\u00f3n del Festival Infantil \u201cMaravilloso\u201d, a realizarse del jueves 2 al domingo 5 de febrero, la Direcci\u00f3n de Cultura lanz\u00f3 una convocatoria a p\u00fablico adolescente y adulto para inscribirse al Desfile art\u00edstico, que se llevar\u00e1 a cabo el viernes 3 a partir de las 19, en las calles internas del Festival\u00f3dromo del Parque Miguel Lillo.<\/p>\n<p>Para ello, desde la dependencia que encabeza Juan Gamba se especific\u00f3 que los interesados tienen tiempo de anotarse al tradicional desfile hasta el 21 de enero y para ello deben acercarse a la sede de la Direcci\u00f3n de Cultura, en calle 65 N\u00ba 3101 de 8 a 14 hs.<\/p>\n","protected":false},"excerpt":{"rendered":"<p>La Direcci\u00f3n de Cultura especific\u00f3 que la convocatoria es tanto a adolescentes como adultos y tienen tiempo de anotarse hasta el 21 de enero. En el marco de la 62\u00ba edici\u00f3n del Festival Infantil \u201cMaravilloso\u201d, a realizarse del jueves 2 al domingo 5 de febrero, la Direcci\u00f3n de Cultura lanz\u00f3 una convocatoria a p\u00fablico adolescente [&hellip;]<\/p>\n","protected":false},"author":3,"featured_media":96738,"comment_status":"closed","ping_status":"closed","sticky":false,"template":"","format":"standard","meta":{"footnotes":""},"categories":[3],"tags":[],"class_list":["post-96737","post","type-post","status-publish","format-standard","has-post-thumbnail","category-masnoticias"],"_links":{"self":[{"href":"https:\/\/primicias2262.com\/noticias\/wp-json\/wp\/v2\/posts\/96737","targetHints":{"allow":["GET"]}}],"collection":[{"href":"https:\/\/primicias2262.com\/noticias\/wp-json\/wp\/v2\/posts"}],"about":[{"href":"https:\/\/primicias2262.com\/noticias\/wp-json\/wp\/v2\/types\/post"}],"author":[{"embeddable":true,"href":"https:\/\/primicias2262.com\/noticias\/wp-json\/wp\/v2\/users\/3"}],"replies":[{"embeddable":true,"href":"https:\/\/primicias2262.com\/noticias\/wp-json\/wp\/v2\/comments?post=96737"}],"version-history":[{"count":0,"href":"https:\/\/primicias2262.com\/noticias\/wp-json\/wp\/v2\/posts\/96737\/revisions"}],"wp:attachment":[{"href":"https:\/\/primicias2262.com\/noticias\/wp-json\/wp\/v2\/media?parent=96737"}],"wp:term":[{"taxonomy":"category","embeddable":true,"href":"https:\/\/primicias2262.com\/noticias\/wp-json\/wp\/v2\/categories?post=96737"},{"taxonomy":"post_tag","embeddable":true,"href":"https:\/\/primicias2262.com\/noticias\/wp-json\/wp\/v2\/tags?post=96737"}],"curies":[{"name":"wp","href":"https:\/\/api.w.org\/{rel}","templated":true}]}}