{"id":96741,"date":"2023-01-14T20:47:55","date_gmt":"2023-01-14T23:47:55","guid":{"rendered":"https:\/\/primicias2262.com\/?p=96741"},"modified":"2023-01-14T20:47:55","modified_gmt":"2023-01-14T23:47:55","slug":"fallecio-edgar-gatti-considerado-el-fundador-del-parque-miguel-lillo","status":"publish","type":"post","link":"https:\/\/primicias2262.com\/noticias\/fallecio-edgar-gatti-considerado-el-fundador-del-parque-miguel-lillo\/","title":{"rendered":"Falleci\u00f3 Edgar Gatti, considerado el\u00a0fundador del Parque Miguel Lillo\u00a0"},"content":{"rendered":"<p><strong>Por Jorge G\u00f3mez<\/strong><\/p>\n<p><a href=\"https:\/\/primicias2262.com\/wp-content\/uploads\/2021\/08\/Gomez.jpg\"><img loading=\"lazy\" decoding=\"async\" class=\"alignleft size-thumbnail wp-image-80409\" src=\"https:\/\/primicias2262.com\/wp-content\/uploads\/2021\/08\/Gomez-150x150.jpg\" alt=\"\" width=\"150\" height=\"150\" \/><\/a><\/p>\n<p>El 5 de junio de 2022 hab\u00eda cumplido 99 a\u00f1os de edad, celebrando simult\u00e1neamente el D\u00eda Internacional del Medio ambiente. Su deceso se produjo en las \u00faltimas horas, en este enero de 2023.<\/p>\n<p>Una cr\u00f3nica del portal local Diario Necochea, al referirse a su \u00faltimo cumplea\u00f1os, reflejaba aquel acontecimiento y datos de su vida de esta manera:<\/p>\n<p>\u201cEdgard trabaj\u00f3 arduamente para coordinar la plantaci\u00f3n de aproximadamente dos millones y medio de \u00e1rboles por la zona que hoy conocemos como Parque Miguel Lillo.<\/p>\n<p><a href=\"https:\/\/primicias2262.com\/wp-content\/uploads\/2023\/01\/99-anos.jpg\"><img loading=\"lazy\" decoding=\"async\" class=\"aligncenter size-full wp-image-96742\" src=\"https:\/\/primicias2262.com\/wp-content\/uploads\/2023\/01\/99-anos.jpg\" alt=\"\" width=\"250\" height=\"201\" \/><\/a><\/p>\n<p>El origen de ello, se dio por el Decreto 8762, que dispuso la expropiaci\u00f3n de 120 hect\u00e1reas que pertenec\u00edan a la familia Diaz V\u00e9lez- \u00c1lvarez Toledo, situadas a lo largo de la ribera mar\u00edtima.<\/p>\n<p>Se estableci\u00f3 que, en dicho lugar, que estaba compuesto casi en su totalidad por dunas, se crear\u00eda un vivero y un Parque forestal dun\u00edcola, de car\u00e1cter p\u00fablico.\u00a0El proyecto comenz\u00f3 a concretarse cuando desde la Provincia de Buenos Aires.<\/p>\n<p>Enviaron al joven ingeniero Edgar Gatti, que se especializa en viveros forestales, fijaci\u00f3n de m\u00e9danos, y otros aspectos que ayudar\u00edan a formar el parque necochense.<\/p>\n\n<p>Donde actualmente vemos bosque, antes era un desierto arenoso, con dunas y pastos que viven en ese tipo de suelos.<\/p>\n<p>Tambi\u00e9n en el lugar, debido a las condiciones de los suelos, no hab\u00eda mucha presencia de fauna; muy diferente a los que vemos hoy, ya que se visualizan diversas especies de animales.<\/p>\n<p>Es as\u00ed como Gatti emprendi\u00f3 su trabajo en el parque a fines de 1947 y durante el a\u00f1o 1948, formando personal para ello, planificando, instalando oficinas, entre otros aspectos que lograron el gran parque que hoy tiene nuestra ciudad.<\/p>\n<p>Se sembraban d\u00eda tras d\u00eda semillas de pino, y de gran cantidad de \u00e1rboles.<\/p>\n<p>El parque se convirti\u00f3 en un s\u00edmbolo de la ciudad de Necochea, donde miles de personas disfrutan de sus paisajes, tanto sea descansando, practicando deportes, entre otras cosas.<\/p>\n<p>El ingeniero agr\u00f3nomo Gatti es participe de la historia de este lugar que es de todos los necochenses, reconocido como \u201cCiudadano Ilustre del Partido de Necochea\u201d, cumpliendo el d\u00eda de ayer (por el 5 de junio de 2022) 99 a\u00f1os\u201d.<\/p>\n","protected":false},"excerpt":{"rendered":"<p>Por Jorge G\u00f3mez El 5 de junio de 2022 hab\u00eda cumplido 99 a\u00f1os de edad, celebrando simult\u00e1neamente el D\u00eda Internacional del Medio ambiente. Su deceso se produjo en las \u00faltimas horas, en este enero de 2023. Una cr\u00f3nica del portal local Diario Necochea, al referirse a su \u00faltimo cumplea\u00f1os, reflejaba aquel acontecimiento y datos de [&hellip;]<\/p>\n","protected":false},"author":3,"featured_media":81315,"comment_status":"closed","ping_status":"closed","sticky":false,"template":"","format":"standard","meta":{"footnotes":""},"categories":[3],"tags":[],"class_list":["post-96741","post","type-post","status-publish","format-standard","has-post-thumbnail","category-masnoticias"],"_links":{"self":[{"href":"https:\/\/primicias2262.com\/noticias\/wp-json\/wp\/v2\/posts\/96741","targetHints":{"allow":["GET"]}}],"collection":[{"href":"https:\/\/primicias2262.com\/noticias\/wp-json\/wp\/v2\/posts"}],"about":[{"href":"https:\/\/primicias2262.com\/noticias\/wp-json\/wp\/v2\/types\/post"}],"author":[{"embeddable":true,"href":"https:\/\/primicias2262.com\/noticias\/wp-json\/wp\/v2\/users\/3"}],"replies":[{"embeddable":true,"href":"https:\/\/primicias2262.com\/noticias\/wp-json\/wp\/v2\/comments?post=96741"}],"version-history":[{"count":0,"href":"https:\/\/primicias2262.com\/noticias\/wp-json\/wp\/v2\/posts\/96741\/revisions"}],"wp:attachment":[{"href":"https:\/\/primicias2262.com\/noticias\/wp-json\/wp\/v2\/media?parent=96741"}],"wp:term":[{"taxonomy":"category","embeddable":true,"href":"https:\/\/primicias2262.com\/noticias\/wp-json\/wp\/v2\/categories?post=96741"},{"taxonomy":"post_tag","embeddable":true,"href":"https:\/\/primicias2262.com\/noticias\/wp-json\/wp\/v2\/tags?post=96741"}],"curies":[{"name":"wp","href":"https:\/\/api.w.org\/{rel}","templated":true}]}}