{"id":96751,"date":"2023-01-14T20:52:30","date_gmt":"2023-01-14T23:52:30","guid":{"rendered":"https:\/\/primicias2262.com\/?p=96751"},"modified":"2023-01-14T20:52:30","modified_gmt":"2023-01-14T23:52:30","slug":"mariano-valiante-coordinador-de-javier-milei-en-necochea","status":"publish","type":"post","link":"https:\/\/primicias2262.com\/noticias\/mariano-valiante-coordinador-de-javier-milei-en-necochea\/","title":{"rendered":"Mariano Valiante, coordinador\u00a0de Javier Milei en Necochea"},"content":{"rendered":"<p><strong>Por Jorge G\u00f3mez<\/strong><\/p>\n<p><a href=\"https:\/\/primicias2262.com\/wp-content\/uploads\/2021\/08\/Gomez.jpg\"><img loading=\"lazy\" decoding=\"async\" class=\"alignleft wp-image-80409 size-thumbnail\" src=\"https:\/\/primicias2262.com\/wp-content\/uploads\/2021\/08\/Gomez-150x150.jpg\" alt=\"\" width=\"150\" height=\"150\" \/><\/a><\/p>\n<p>Con la mira puesta en lo que va a ser una elecci\u00f3n presidencial 2023 d\u00edas atr\u00e1s en la ciudad de Mar del Plata se llev\u00f3 a cabo una reuni\u00f3n en la cual participaron los armadores de las distintas ciudades de la Quinta Secci\u00f3n Electoral -que incluye al partido de Necochea- del espacio pol\u00edtico que lleva como candidato al diputado Nacional Javier Milei.<\/p>\n<p>Este encuentro se realiz\u00f3 en el local partidario de la Libertad Avanza ubicado en la esquina de Mitre y Belgrano de la vecina ciudad, cuyos anfitriones fueron el concejal Alejandro Carrancio, y Juliana Santillan, ambos de Mar del Plata, como as\u00ed contando con la presencia de Sebasti\u00e1n Pareja, encargado de la organizaci\u00f3n pol\u00edtica de toda la Provincia de Buenos Aires, y Carlos Kikuchi, considerado armador nacional.<\/p>\n<p>De nuestra ciudad particip\u00f3 de este c\u00f3nclave Mariano Valiante, a quien se le asign\u00f3 la coordinaci\u00f3n del espacio pol\u00edtico en Necochea, como as\u00ed convocar y escuchar a todos que deseen participar de la mesa de trabajo.<\/p>\n\n<p>Trascendi\u00f3 que el domingo 22 el citado Valiante mantendr\u00eda una charla con Javier Milei para repasar la situaci\u00f3n pol\u00edtica y electoral local, entre otros temas a considerar.<\/p>\n","protected":false},"excerpt":{"rendered":"<p>Por Jorge G\u00f3mez Con la mira puesta en lo que va a ser una elecci\u00f3n presidencial 2023 d\u00edas atr\u00e1s en la ciudad de Mar del Plata se llev\u00f3 a cabo una reuni\u00f3n en la cual participaron los armadores de las distintas ciudades de la Quinta Secci\u00f3n Electoral -que incluye al partido de Necochea- del espacio [&hellip;]<\/p>\n","protected":false},"author":3,"featured_media":96747,"comment_status":"closed","ping_status":"closed","sticky":false,"template":"","format":"standard","meta":{"footnotes":""},"categories":[3],"tags":[],"class_list":["post-96751","post","type-post","status-publish","format-standard","has-post-thumbnail","category-masnoticias"],"_links":{"self":[{"href":"https:\/\/primicias2262.com\/noticias\/wp-json\/wp\/v2\/posts\/96751","targetHints":{"allow":["GET"]}}],"collection":[{"href":"https:\/\/primicias2262.com\/noticias\/wp-json\/wp\/v2\/posts"}],"about":[{"href":"https:\/\/primicias2262.com\/noticias\/wp-json\/wp\/v2\/types\/post"}],"author":[{"embeddable":true,"href":"https:\/\/primicias2262.com\/noticias\/wp-json\/wp\/v2\/users\/3"}],"replies":[{"embeddable":true,"href":"https:\/\/primicias2262.com\/noticias\/wp-json\/wp\/v2\/comments?post=96751"}],"version-history":[{"count":0,"href":"https:\/\/primicias2262.com\/noticias\/wp-json\/wp\/v2\/posts\/96751\/revisions"}],"wp:attachment":[{"href":"https:\/\/primicias2262.com\/noticias\/wp-json\/wp\/v2\/media?parent=96751"}],"wp:term":[{"taxonomy":"category","embeddable":true,"href":"https:\/\/primicias2262.com\/noticias\/wp-json\/wp\/v2\/categories?post=96751"},{"taxonomy":"post_tag","embeddable":true,"href":"https:\/\/primicias2262.com\/noticias\/wp-json\/wp\/v2\/tags?post=96751"}],"curies":[{"name":"wp","href":"https:\/\/api.w.org\/{rel}","templated":true}]}}