{"id":96754,"date":"2023-01-14T21:18:31","date_gmt":"2023-01-15T00:18:31","guid":{"rendered":"https:\/\/primicias2262.com\/?p=96754"},"modified":"2023-01-14T21:18:31","modified_gmt":"2023-01-15T00:18:31","slug":"luego-de-dos-anos-de-pausa-por-pandemia-volvio-con-todo-la-feria-de-las-colectividades","status":"publish","type":"post","link":"https:\/\/primicias2262.com\/noticias\/luego-de-dos-anos-de-pausa-por-pandemia-volvio-con-todo-la-feria-de-las-colectividades\/","title":{"rendered":"Luego de dos a\u00f1os de pausa por pandemia volvi\u00f3 con todo la Feria de las Colectividades"},"content":{"rendered":"<p><strong>La Feria de las Colectividades debe ser una de las fiestas m\u00e1s masivas que se presenta cada verano en nuestra ciudad, y luego de un par\u00e9ntesis de dos a\u00f1os por la pandemia, este viernes la singular y diversa propuesta cultural se puso en marcha nuevamente, como siempre, en el interior del Parque Miguel Lillo, a la altura de Av. 10 y 91.<\/strong><\/p>\n<p>Ante cientos de vecinos y turistas que la esperaban con ansias, y en el marco de apertura de esta 19\u00ba edici\u00f3n, el intendente Arturo Rojas, subido al escenario mayor, se\u00f1al\u00f3 que \u201cle quiero agradecer a cada integrante de esta feria y a cada uno de los trabajadores municipales que hacen posible que hoy podamos disfrutar despu\u00e9s de este largo tiempo de esta hermosa feria\u201d.<\/p>\n<p>Acto seguido, el jefe comunal ampli\u00f3 su discurso al referir que \u201cesta feria es mucho m\u00e1s que un hecho tur\u00edstico, porque entiendo que es un hecho social, cultural y por supuesto que gastron\u00f3mico que nos permite disfrutar de la comida t\u00edpica de cada pa\u00eds que participa\u201d.<\/p>\n<p><a href=\"https:\/\/primicias2262.com\/wp-content\/uploads\/2023\/01\/FOTO-Feria-de-las-colectividades2.jpg\"><img loading=\"lazy\" decoding=\"async\" class=\"aligncenter size-large wp-image-96756\" src=\"https:\/\/primicias2262.com\/wp-content\/uploads\/2023\/01\/FOTO-Feria-de-las-colectividades2-1024x682.jpg\" alt=\"\" width=\"696\" height=\"464\" \/><\/a><\/p>\n<p>\u201cEstuve recorriendo cada uno de los stands y quiero resaltar la prolijidad y la gastronom\u00eda que hay con muchas cosas ricas, as\u00ed que los invito a todos a deleitarse de cada una de ellas\u201d a\u00f1adi\u00f3 el Intendente.<\/p>\n<p>En otro orden, adelant\u00f3 que \u201ctenemos un proyecto para que, a partir de las pr\u00f3ximas ediciones, se puedan sumar artistas regionales, provinciales y por qu\u00e9 no nacionales que le den m\u00e1s atractivo aun a este espacio cultural\u201d.<\/p>\n<p>Para terminar, Rojas se dirigi\u00f3 espec\u00edficamente al p\u00fablico al subrayar que \u201cen su estad\u00eda no se pierdan en recorrer cada rinc\u00f3n de nuestra ciudad, que no es solo una hermos\u00edsima playa, sino que tambi\u00e9n tenemos este parque, el puerto y la vista de la entrada y salida de los buques, el r\u00edo donde se pueden hacer muchas actividades y los invito a que vayan a Quequ\u00e9n donde tambi\u00e9n hay mucho para recorrer como todo el camino a Costa Bonita por ejemplo\u201d.<\/p>\n<p>En el inicio del acto, la coordinadora de Colectividades Extranjeras Necochea -Quequ\u00e9n, Marta Castro, agradeci\u00f3 la presencia del Intendente, funcionarios y concejales, al mismo tiempo que puso de relieve el aporte del municipio quien facilit\u00f3 el escenario, la instalaci\u00f3n el\u00e9ctrica y el servicio de agua, como as\u00ed tambi\u00e9n personal de Tr\u00e1nsito para organizar el desfile inaugural con las banderas de cada colectividad que se pasearon entre la gente.<\/p>\n<p>La fiesta, con n\u00fameros art\u00edsticos variados, un sal\u00f3n cultural por primera vez con trabajos de m\u00e1s de 30 expositores en diversas t\u00e9cnicas y con los infaltables platos caracter\u00edsticos de cada pa\u00eds, culminar\u00e1 el pr\u00f3ximo domingo seguramente con un p\u00fablico que se seguir\u00e1 acercando en cantidad cada jornada.<\/p>\n<p>Le dan el marco, como en cada oportunidad, las comunidades \u00e1rabe, vasca, chilena, espa\u00f1ola con sus regiones Andaluc\u00eda y Asturias, danesa, francesa y la italiana con sus tres regiones: Calabria, Lamarque y Basilicata.<\/p>\n","protected":false},"excerpt":{"rendered":"<p>La Feria de las Colectividades debe ser una de las fiestas m\u00e1s masivas que se presenta cada verano en nuestra ciudad, y luego de un par\u00e9ntesis de dos a\u00f1os por la pandemia, este viernes la singular y diversa propuesta cultural se puso en marcha nuevamente, como siempre, en el interior del Parque Miguel Lillo, a [&hellip;]<\/p>\n","protected":false},"author":3,"featured_media":96755,"comment_status":"closed","ping_status":"closed","sticky":false,"template":"","format":"standard","meta":{"footnotes":""},"categories":[3],"tags":[],"class_list":["post-96754","post","type-post","status-publish","format-standard","has-post-thumbnail","category-masnoticias"],"_links":{"self":[{"href":"https:\/\/primicias2262.com\/noticias\/wp-json\/wp\/v2\/posts\/96754","targetHints":{"allow":["GET"]}}],"collection":[{"href":"https:\/\/primicias2262.com\/noticias\/wp-json\/wp\/v2\/posts"}],"about":[{"href":"https:\/\/primicias2262.com\/noticias\/wp-json\/wp\/v2\/types\/post"}],"author":[{"embeddable":true,"href":"https:\/\/primicias2262.com\/noticias\/wp-json\/wp\/v2\/users\/3"}],"replies":[{"embeddable":true,"href":"https:\/\/primicias2262.com\/noticias\/wp-json\/wp\/v2\/comments?post=96754"}],"version-history":[{"count":0,"href":"https:\/\/primicias2262.com\/noticias\/wp-json\/wp\/v2\/posts\/96754\/revisions"}],"wp:attachment":[{"href":"https:\/\/primicias2262.com\/noticias\/wp-json\/wp\/v2\/media?parent=96754"}],"wp:term":[{"taxonomy":"category","embeddable":true,"href":"https:\/\/primicias2262.com\/noticias\/wp-json\/wp\/v2\/categories?post=96754"},{"taxonomy":"post_tag","embeddable":true,"href":"https:\/\/primicias2262.com\/noticias\/wp-json\/wp\/v2\/tags?post=96754"}],"curies":[{"name":"wp","href":"https:\/\/api.w.org\/{rel}","templated":true}]}}