{"id":96781,"date":"2023-01-16T10:06:50","date_gmt":"2023-01-16T13:06:50","guid":{"rendered":"https:\/\/primicias2262.com\/?p=96781"},"modified":"2023-01-16T10:06:50","modified_gmt":"2023-01-16T13:06:50","slug":"aumentaron-las-naftas-pero-arrate-senalo-que-aun-el-combustible-esta-muy-barato","status":"publish","type":"post","link":"https:\/\/primicias2262.com\/noticias\/aumentaron-las-naftas-pero-arrate-senalo-que-aun-el-combustible-esta-muy-barato\/","title":{"rendered":"Aumentaron las naftas pero Arrate se\u00f1al\u00f3 que a\u00fan \u201cel combustible est\u00e1 muy barato\u201d"},"content":{"rendered":"<p><strong>Empez\u00f3 a regir en el pa\u00eds el primer aumento del a\u00f1o previamente acordado entre las petroleras y el gobierno, aunque el empresario de Axion, Jos\u00e9 Luis Arrate, dej\u00f3 entrever que los valores de la nafta en el pa\u00eds siguen estando muy relegados.<\/strong><\/p>\n<p>Al cabo de una nota realizada por el periodista Daniel Gonz\u00e1lez, acerca del aumento de la nafta del 4% por parte de Shell, Arrate se\u00f1al\u00f3 primeramente que \u201cayer Shell comenz\u00f3 y hoy lo siguieron YPF y Puma, y en el caso de Axion est\u00e1 verificando los precios y los modificar\u00e1 de un momento para otro. Las dem\u00e1s compa\u00f1\u00edas han aumentado entre 4 y 4,5% los distintos productos como estaba pactado la suba de precios cuidados que dan un aumento en enero, febrero y el \u00faltimo en marzo del orden del 4%\u201d.<\/p>\n<p>As\u00ed las cosas, el empresario inform\u00f3 los valores de Axion con el aumento: \u201cLa nafta Premium est\u00e1 en el orden de los 240 pesos; una nafta s\u00faper en el orden de los 195 pesos y un gas oil que seg\u00fan las marcas ronda en 200, 206 o 210 pesos; mientras que un gas oil Premium est\u00e1 en el orden de los 285 pesos\u201d.<\/p>\n<p>Seguidamente, se\u00f1al\u00f3 que el abastecimiento est\u00e1 normalizado y volvi\u00f3 a apuntar contra la econom\u00eda: \u201cLos valores del combustible en el pa\u00eds est\u00e1n cada vez m\u00e1s alejados, por el alza del d\u00f3lar y dem\u00e1s. Si lo comparamos con cualquier otro producto, el combustible est\u00e1 muy barato, ya sea con un agua mineral, una frazada o una bolsa de carb\u00f3n\u201d.<\/p>\n<p>Finalmente, acot\u00f3 que \u201clos valores est\u00e1n relegados, seg\u00fan las petroleras, en un 35% por debajo de su precio internacional o pa\u00edses lim\u00edtrofes, por ejemplo en Uruguay, que vale el doble que en Argentina. Creo que en alg\u00fan momento tendr\u00e1n que valer lo que cuestan y YPF dejar\u00e1 de perder tanta de la plata que viene perdiendo\u201d.<\/p>\n","protected":false},"excerpt":{"rendered":"<p>Empez\u00f3 a regir en el pa\u00eds el primer aumento del a\u00f1o previamente acordado entre las petroleras y el gobierno, aunque el empresario de Axion, Jos\u00e9 Luis Arrate, dej\u00f3 entrever que los valores de la nafta en el pa\u00eds siguen estando muy relegados. Al cabo de una nota realizada por el periodista Daniel Gonz\u00e1lez, acerca del [&hellip;]<\/p>\n","protected":false},"author":3,"featured_media":96377,"comment_status":"closed","ping_status":"closed","sticky":false,"template":"","format":"standard","meta":{"footnotes":""},"categories":[3],"tags":[],"class_list":["post-96781","post","type-post","status-publish","format-standard","has-post-thumbnail","category-masnoticias"],"_links":{"self":[{"href":"https:\/\/primicias2262.com\/noticias\/wp-json\/wp\/v2\/posts\/96781","targetHints":{"allow":["GET"]}}],"collection":[{"href":"https:\/\/primicias2262.com\/noticias\/wp-json\/wp\/v2\/posts"}],"about":[{"href":"https:\/\/primicias2262.com\/noticias\/wp-json\/wp\/v2\/types\/post"}],"author":[{"embeddable":true,"href":"https:\/\/primicias2262.com\/noticias\/wp-json\/wp\/v2\/users\/3"}],"replies":[{"embeddable":true,"href":"https:\/\/primicias2262.com\/noticias\/wp-json\/wp\/v2\/comments?post=96781"}],"version-history":[{"count":0,"href":"https:\/\/primicias2262.com\/noticias\/wp-json\/wp\/v2\/posts\/96781\/revisions"}],"wp:attachment":[{"href":"https:\/\/primicias2262.com\/noticias\/wp-json\/wp\/v2\/media?parent=96781"}],"wp:term":[{"taxonomy":"category","embeddable":true,"href":"https:\/\/primicias2262.com\/noticias\/wp-json\/wp\/v2\/categories?post=96781"},{"taxonomy":"post_tag","embeddable":true,"href":"https:\/\/primicias2262.com\/noticias\/wp-json\/wp\/v2\/tags?post=96781"}],"curies":[{"name":"wp","href":"https:\/\/api.w.org\/{rel}","templated":true}]}}