{"id":96784,"date":"2023-01-16T11:01:22","date_gmt":"2023-01-16T14:01:22","guid":{"rendered":"https:\/\/primicias2262.com\/?p=96784"},"modified":"2023-01-16T11:01:22","modified_gmt":"2023-01-16T14:01:22","slug":"soy-consciente-que-es-un-area-que-tiene-sus-dificultades-y-hay-mucho-trabajo-por-hacer","status":"publish","type":"post","link":"https:\/\/primicias2262.com\/noticias\/soy-consciente-que-es-un-area-que-tiene-sus-dificultades-y-hay-mucho-trabajo-por-hacer\/","title":{"rendered":"\u201cSoy consciente que es un \u00e1rea que tiene sus dificultades y hay mucho trabajo por hacer\u201d"},"content":{"rendered":"<p><strong>As\u00ed lo reconoci\u00f3 el flamante director de Tr\u00e1nsito de la comuna, Pablo Gonz\u00e1lez Dozo, quien a sus 27 a\u00f1os llega en reemplazo de Carlos D\u00edaz.<\/strong><\/p>\n<p>Mediante una nota realizada por el periodista Jorge G\u00f3mez, el abogado Pablo Gonz\u00e1lez Dozo, nuevo director de Tr\u00e1nsito del municipio, expres\u00f3 primeramente a modo de presentaci\u00f3n que \u201ctengo 27 a\u00f1os, estudi\u00e9 en otra localidad y volv\u00ed a Necochea porque es la ciudad donde me cr\u00ede y la que m\u00e1s me gusta\u201d, mientras que relacionado su flamante funci\u00f3n, aclar\u00f3 que \u201ctengo una experiencia previa en el Juzgado de Faltas, donde estuve en contacto con lo que son las infracciones\u201d.<\/p>\n<p>Sobre este nuevo desaf\u00edo que se viene, Gonz\u00e1lez Dozo manifest\u00f3 que \u201cprincipalmente la idea es darle una nueva impronta al \u00e1rea, claramente hay que hacer una reformulaci\u00f3n de personal en el sentido de la organizaci\u00f3n, por eso me acompa\u00f1a Ra\u00fal Britos, jefe de Tr\u00e1nsito, y la idea es generar una proyecci\u00f3n a futuro donde podamos organizar de mejor manera el \u00e1rea y se implante una forma de trabajar que perdure en el tiempo, entendiendo que hay que lograr optimizar al m\u00e1ximo los recursos y que sea efectiva el \u00e1rea\u201d.<\/p>\n<figure id=\"attachment_96785\" aria-describedby=\"caption-attachment-96785\" style=\"width: 150px\" class=\"wp-caption alignleft\"><a href=\"https:\/\/primicias2262.com\/wp-content\/uploads\/2023\/01\/gonzalez-dozo.jpg\"><img loading=\"lazy\" decoding=\"async\" class=\"size-thumbnail wp-image-96785\" src=\"https:\/\/primicias2262.com\/wp-content\/uploads\/2023\/01\/gonzalez-dozo-150x150.jpg\" alt=\"\" width=\"150\" height=\"150\" \/><\/a><figcaption id=\"caption-attachment-96785\" class=\"wp-caption-text\">Pablo Gonz\u00e1lez Dozo<\/figcaption><\/figure>\n<p>Fue en ese marco que reconoci\u00f3 que \u201csoy consciente que es un \u00e1rea que tiene sus dificultades y hay mucho trabajo por hacer, pero hay buena gente y buena predisposici\u00f3n, todos tienen mucha voluntad, el hecho de mudarnos al lado de la Municipalidad es muy positivo y la idea es generar los cambios que puedan ser permanentes en el tiempo para estructurar el \u00e1rea y que funcione en cualquier entorno\u201d.<\/p>\n<p>A la pasada mencion\u00f3 el hecho de la mudanza a la casa de al lado de la Municipalidad, en 56 entre 61 y 59, sobre lo que profundiz\u00f3 que \u201cse va a trasladar toda la parte administrativa de la Direcci\u00f3n y quedar\u00eda en el predio de las Aguas Corrientes solo el dep\u00f3sito de los veh\u00edculos secuestrados por infracciones\u201d.<\/p>\n<p>En el d\u00eda a d\u00eda, el flamante director asegur\u00f3 que \u201chay que estar atento y acompa\u00f1ar al personal, y la mayor cantidad de tiempo posible estar observando la calle para ver qu\u00e9 hay que mejorar. Es una ciudad que est\u00e1 muy desarrollada de forma horizontal por el mar, esto trae una dificultad mayor para cubrir \u00e1reas y hoy por hoy estamos en la alta temporada, aunque sabemos que no es as\u00ed como funciona la ciudad durante todo el a\u00f1o con esta afluencia\u201d.<\/p>\n<p>No obstante, manifest\u00f3 que \u201cla ciudad y la gente que llega a la misma necesitan contenci\u00f3n y organizaci\u00f3n, pero estamos con buena presencia y podemos accionar de la manera correcta\u201d.<\/p>\n<p>En cuanto a la Ley Provincial de Alcohol Cero que se puso en vigencia recientemente, Gonz\u00e1lez Dozo expres\u00f3 que \u201ctengo una apreciaci\u00f3n positiva de la ley, si uno conduce un auto de manera imprudente se transforma en un arma y se puede afectar a terceros\u201d, y asegur\u00f3: \u201cAl cambiar el r\u00e9gimen de miligramos de alcohol en sangre se va a incrementar el n\u00famero de secuestros\u201d.<\/p>\n<p>Finalmente, el funcionario resalt\u00f3 el trabajo en conjunto al se\u00f1alar que \u201cla idea es tener una convivencia entre todas las \u00e1reas y la polic\u00eda para poder tener una seguridad m\u00e1s grande en los operativos\u201d, y no soslay\u00f3 que \u201cla educaci\u00f3n vial tambi\u00e9n es importante para acompa\u00f1ar al vecino y evitar agresiones a los inspectores\u201d.<\/p>\n","protected":false},"excerpt":{"rendered":"<p>As\u00ed lo reconoci\u00f3 el flamante director de Tr\u00e1nsito de la comuna, Pablo Gonz\u00e1lez Dozo, quien a sus 27 a\u00f1os llega en reemplazo de Carlos D\u00edaz. Mediante una nota realizada por el periodista Jorge G\u00f3mez, el abogado Pablo Gonz\u00e1lez Dozo, nuevo director de Tr\u00e1nsito del municipio, expres\u00f3 primeramente a modo de presentaci\u00f3n que \u201ctengo 27 a\u00f1os, [&hellip;]<\/p>\n","protected":false},"author":3,"featured_media":92160,"comment_status":"closed","ping_status":"closed","sticky":false,"template":"","format":"standard","meta":{"footnotes":""},"categories":[3],"tags":[],"class_list":["post-96784","post","type-post","status-publish","format-standard","has-post-thumbnail","category-masnoticias"],"_links":{"self":[{"href":"https:\/\/primicias2262.com\/noticias\/wp-json\/wp\/v2\/posts\/96784","targetHints":{"allow":["GET"]}}],"collection":[{"href":"https:\/\/primicias2262.com\/noticias\/wp-json\/wp\/v2\/posts"}],"about":[{"href":"https:\/\/primicias2262.com\/noticias\/wp-json\/wp\/v2\/types\/post"}],"author":[{"embeddable":true,"href":"https:\/\/primicias2262.com\/noticias\/wp-json\/wp\/v2\/users\/3"}],"replies":[{"embeddable":true,"href":"https:\/\/primicias2262.com\/noticias\/wp-json\/wp\/v2\/comments?post=96784"}],"version-history":[{"count":0,"href":"https:\/\/primicias2262.com\/noticias\/wp-json\/wp\/v2\/posts\/96784\/revisions"}],"wp:attachment":[{"href":"https:\/\/primicias2262.com\/noticias\/wp-json\/wp\/v2\/media?parent=96784"}],"wp:term":[{"taxonomy":"category","embeddable":true,"href":"https:\/\/primicias2262.com\/noticias\/wp-json\/wp\/v2\/categories?post=96784"},{"taxonomy":"post_tag","embeddable":true,"href":"https:\/\/primicias2262.com\/noticias\/wp-json\/wp\/v2\/tags?post=96784"}],"curies":[{"name":"wp","href":"https:\/\/api.w.org\/{rel}","templated":true}]}}