{"id":96803,"date":"2023-01-17T12:06:26","date_gmt":"2023-01-17T15:06:26","guid":{"rendered":"https:\/\/primicias2262.com\/?p=96803"},"modified":"2023-01-17T12:06:26","modified_gmt":"2023-01-17T15:06:26","slug":"el-bibliomovil-llega-a-la-villa-del-deportista-y-al-cef-no-76-de-quequen","status":"publish","type":"post","link":"https:\/\/primicias2262.com\/noticias\/el-bibliomovil-llega-a-la-villa-del-deportista-y-al-cef-no-76-de-quequen\/","title":{"rendered":"El Bibliom\u00f3vil llega a la Villa del Deportista y al Cef N\u00ba 76 de Quequ\u00e9n"},"content":{"rendered":"<p><strong>Este martes a la tarde el m\u00f3vil itinerante estar\u00e1 en la Villa y el mi\u00e9rcoles por la ma\u00f1ana en el Centro de Educaci\u00f3n F\u00edsica de Quequ\u00e9n.<\/strong><\/p>\n<p>El CCN\/BPAF informa que el Bibliom\u00f3vil estar\u00e1 este martes 17 de enero, en la plaza de Villa del Deportista (calle 143 bis entre 46 y 48), en el marco de una pr\u00e1ctica abierta que brindar\u00e1 la Asociaci\u00f3n de Skate Necochea-Quequ\u00e9n, a partir de las 18 horas.<\/p>\n<p>En tanto para el mi\u00e9rcoles, a partir de las 10:30 horas, est\u00e1 previsto sumarse a las actividades de Escuelas de Verano que funcionan en el CEF N\u00b0 76 en Quequ\u00e9n.<\/p>\n<p>Cabe recordar que el Bibliom\u00f3vil comenz\u00f3 su recorrido por el distrito el s\u00e1bado pasado en el balneario Monte Pasubio, donde estuvo presente en el Festival Literario Pluricultural Ra\u00edces de mi Tierra que se llev\u00f3 a cabo en Quequ\u00e9n.<\/p>\n<p>La actividad propuesta por el CCN\/BPAF para esa oportunidad fue \u201cEmergencias Po\u00e9ticas, servicio de asistencia po\u00e9tica al paso\u201d que cont\u00f3 con gran acogida de los presentes, entre ellos escritores y artistas provenientes de Brasil y Paraguay .<\/p>\n<p>El Bibliom\u00f3vil lleg\u00f3 a Necochea en articulaci\u00f3n del CCN\/BPAF con el Instituto Cultural de la Provincia de Buenos Aires, el programa Buenos Aires Lectora y CONABIP (Comisi\u00f3n Nacional de Bibliotecas Populares) que lleva adelante el Programa Nacional de Lectura Argentina Lee.<\/p>\n<p>La unidad lleva a bordo alrededor de 500 libros para todos los p\u00fablicos y con un segmento especial destinado a las infancias y a las juventudes. Los recorridos surgen de un entramado institucional que se logr\u00f3 a trav\u00e9s de un trabajo articulado con nuestra Biblioteca Popular Andr\u00e9s Ferreyra.<\/p>\n<p>En funci\u00f3n de ello se llevar\u00e1 adelante una programaci\u00f3n diversa y para todas las edades que incluye talleres de tango, percusi\u00f3n corporal, arte, Proyecto Manganeta, y mucho m\u00e1s.<\/p>\n<p>Las actividades comenzar\u00e1n este s\u00e1bado en Quequ\u00e9n, y finalizar\u00e1n el 31 de marzo en un recorrido que incluye las localidades de Quequ\u00e9n, Villa del Deportista, Balneario Los \u00c1ngeles, Costa Bonita, Energ\u00eda, Ram\u00f3n Santamarina, La Dulce, Juan N. Fern\u00e1ndez, Claraz y Villa Zabala. En el Partido de Lober\u00eda, habr\u00e1 actividades en Tamanguey\u00fa, Arenas Verdes, El Moro y San Manuel. Adem\u00e1s, en el Partido de General Alvarado, el Bibliom\u00f3vil visitar\u00e1 Mechongu\u00e9, Nicanor Otamendi, Mar del sur y Chapadmalal, mientras que en el Partido de Tres Arroyos se visitar\u00e1n las localidades de Orense, Balneario Orense, San Francisco de Bellocq y Balneario Reta.<\/p>\n<p>Tambi\u00e9n ser\u00e1n locaciones el Partido de San Cayetano: San Cayetano, Balneario San Cayetano y en el Partido de Balcarce: San Agust\u00edn, Los Pinos y Napaleuf\u00fa.<\/p>\n<p>&nbsp;<\/p>\n","protected":false},"excerpt":{"rendered":"<p>Este martes a la tarde el m\u00f3vil itinerante estar\u00e1 en la Villa y el mi\u00e9rcoles por la ma\u00f1ana en el Centro de Educaci\u00f3n F\u00edsica de Quequ\u00e9n. El CCN\/BPAF informa que el Bibliom\u00f3vil estar\u00e1 este martes 17 de enero, en la plaza de Villa del Deportista (calle 143 bis entre 46 y 48), en el marco [&hellip;]<\/p>\n","protected":false},"author":3,"featured_media":96804,"comment_status":"closed","ping_status":"closed","sticky":false,"template":"","format":"standard","meta":{"footnotes":""},"categories":[3],"tags":[],"class_list":["post-96803","post","type-post","status-publish","format-standard","has-post-thumbnail","category-masnoticias"],"_links":{"self":[{"href":"https:\/\/primicias2262.com\/noticias\/wp-json\/wp\/v2\/posts\/96803","targetHints":{"allow":["GET"]}}],"collection":[{"href":"https:\/\/primicias2262.com\/noticias\/wp-json\/wp\/v2\/posts"}],"about":[{"href":"https:\/\/primicias2262.com\/noticias\/wp-json\/wp\/v2\/types\/post"}],"author":[{"embeddable":true,"href":"https:\/\/primicias2262.com\/noticias\/wp-json\/wp\/v2\/users\/3"}],"replies":[{"embeddable":true,"href":"https:\/\/primicias2262.com\/noticias\/wp-json\/wp\/v2\/comments?post=96803"}],"version-history":[{"count":0,"href":"https:\/\/primicias2262.com\/noticias\/wp-json\/wp\/v2\/posts\/96803\/revisions"}],"wp:attachment":[{"href":"https:\/\/primicias2262.com\/noticias\/wp-json\/wp\/v2\/media?parent=96803"}],"wp:term":[{"taxonomy":"category","embeddable":true,"href":"https:\/\/primicias2262.com\/noticias\/wp-json\/wp\/v2\/categories?post=96803"},{"taxonomy":"post_tag","embeddable":true,"href":"https:\/\/primicias2262.com\/noticias\/wp-json\/wp\/v2\/tags?post=96803"}],"curies":[{"name":"wp","href":"https:\/\/api.w.org\/{rel}","templated":true}]}}