{"id":96811,"date":"2023-01-17T12:17:12","date_gmt":"2023-01-17T15:17:12","guid":{"rendered":"https:\/\/primicias2262.com\/?p=96811"},"modified":"2023-01-17T12:17:12","modified_gmt":"2023-01-17T15:17:12","slug":"trasladaron-el-esqueleto-del-tigre-diente-de-sable-al-museo-del-parque-miguel-lillo","status":"publish","type":"post","link":"https:\/\/primicias2262.com\/noticias\/trasladaron-el-esqueleto-del-tigre-diente-de-sable-al-museo-del-parque-miguel-lillo\/","title":{"rendered":"Trasladaron el esqueleto del tigre diente de sable al Museo del Parque Miguel Lillo"},"content":{"rendered":"<p><strong>El mam\u00edfero de la \u00c9poca de Hielo, encontrado d\u00edas pasados en una vivienda en construcci\u00f3n en inmediaciones de Av. 58 y 121 y en el marco de lo que termin\u00f3 siendo un hallazgo hist\u00f3rico con alcance nacional, ya fue retirado con una retroexcavadora y se encuentra en manos de profesionales para ser acondicionado y colocado en el Museo Hist\u00f3rico Regional del Parque Miguel Lillo, en la parte de Ciencias Naturales.<\/strong><\/p>\n<p>Para dar algunos detalles de c\u00f3mo continua la log\u00edstica, la directora del museo, \u00c1gueda Caro Petersen, explic\u00f3 que \u201ceste bloque de yeso y huesos va a estar moment\u00e1neamente en un lugar del museo resguardado hasta que podamos acondicionar una entrada para llevarlo al sector de ciencias\u201d para a\u00f1adir que una vez all\u00ed \u201chabr\u00e1 que conseguir los insumos que se usan en estos casos para la limpieza y conservaci\u00f3n que se requiere\u201d.<\/p>\n<p>\u201cSe va a tener que abrir primero ese \u2018boch\u00f3n\u2019 de yeso donde aparentemente est\u00e1 el esqueleto completo para ir lentamente extrayendo los huesos, uno por uno, de este esqueleto del Tigre Diente de Sable desenterrado\u201d desarroll\u00f3 la arque\u00f3loga y referente en nuestra ciudad sobre la tem\u00e1tica.<\/p>\n<p><a href=\"https:\/\/primicias2262.com\/wp-content\/uploads\/2023\/01\/FOTO-tigre-diente-de-sable2.jpg\"><img loading=\"lazy\" decoding=\"async\" class=\"alignleft size-medium wp-image-96813\" src=\"https:\/\/primicias2262.com\/wp-content\/uploads\/2023\/01\/FOTO-tigre-diente-de-sable2-300x300.jpg\" alt=\"\" width=\"300\" height=\"300\" \/><\/a>En la explicaci\u00f3n del particular asunto, se extendi\u00f3 al manifestar que \u201cesos huesos se guardan en contenedores o cajas con un cart\u00f3n rotulado \u2018libre de \u00e1cido\u2019, y luego s\u00ed ser\u00e1 ingresado al museo de ciencias para que forme parte de la colecci\u00f3n paleontol\u00f3gica\u201d.<\/p>\n<div class=\"wp-block-media-text is-stacked-on-mobile\">\n<div class=\"wp-block-media-text__content\">\n<p>M\u00e1s tarde, admiti\u00f3 que \u201cestamos ante un proceso de an\u00e1lisis lento, con la idea de generar un convenio de colaboraci\u00f3n con la Tecnicatura en Paleontolog\u00eda que funciona en Miramar de la que vinieron la semana pasada algunas alumnas a colaborar en la extracci\u00f3n\u201d.<\/p>\n<\/div>\n<\/div>\n<p>Para terminar, adelant\u00f3 que concluida la limpieza del ejemplar \u201cvamos a ver si es posible hacer alguna dataci\u00f3n radiocarb\u00f3nica para saber la edad del esp\u00e9cimen, y porque no pensar, de acuerdo al estado de conservaci\u00f3n de los huesos, exponerlo ante la comunidad\u201d.<\/p>\n","protected":false},"excerpt":{"rendered":"<p>El mam\u00edfero de la \u00c9poca de Hielo, encontrado d\u00edas pasados en una vivienda en construcci\u00f3n en inmediaciones de Av. 58 y 121 y en el marco de lo que termin\u00f3 siendo un hallazgo hist\u00f3rico con alcance nacional, ya fue retirado con una retroexcavadora y se encuentra en manos de profesionales para ser acondicionado y colocado [&hellip;]<\/p>\n","protected":false},"author":3,"featured_media":96812,"comment_status":"closed","ping_status":"closed","sticky":false,"template":"","format":"standard","meta":{"footnotes":""},"categories":[3],"tags":[],"class_list":["post-96811","post","type-post","status-publish","format-standard","has-post-thumbnail","category-masnoticias"],"_links":{"self":[{"href":"https:\/\/primicias2262.com\/noticias\/wp-json\/wp\/v2\/posts\/96811","targetHints":{"allow":["GET"]}}],"collection":[{"href":"https:\/\/primicias2262.com\/noticias\/wp-json\/wp\/v2\/posts"}],"about":[{"href":"https:\/\/primicias2262.com\/noticias\/wp-json\/wp\/v2\/types\/post"}],"author":[{"embeddable":true,"href":"https:\/\/primicias2262.com\/noticias\/wp-json\/wp\/v2\/users\/3"}],"replies":[{"embeddable":true,"href":"https:\/\/primicias2262.com\/noticias\/wp-json\/wp\/v2\/comments?post=96811"}],"version-history":[{"count":0,"href":"https:\/\/primicias2262.com\/noticias\/wp-json\/wp\/v2\/posts\/96811\/revisions"}],"wp:attachment":[{"href":"https:\/\/primicias2262.com\/noticias\/wp-json\/wp\/v2\/media?parent=96811"}],"wp:term":[{"taxonomy":"category","embeddable":true,"href":"https:\/\/primicias2262.com\/noticias\/wp-json\/wp\/v2\/categories?post=96811"},{"taxonomy":"post_tag","embeddable":true,"href":"https:\/\/primicias2262.com\/noticias\/wp-json\/wp\/v2\/tags?post=96811"}],"curies":[{"name":"wp","href":"https:\/\/api.w.org\/{rel}","templated":true}]}}