{"id":96821,"date":"2023-01-17T13:30:46","date_gmt":"2023-01-17T16:30:46","guid":{"rendered":"https:\/\/primicias2262.com\/?p=96821"},"modified":"2023-01-17T13:30:46","modified_gmt":"2023-01-17T16:30:46","slug":"presentaron-el-cronograma-de-espectaculos-para-los-cuatro-dias-de-festival-infantil","status":"publish","type":"post","link":"https:\/\/primicias2262.com\/noticias\/presentaron-el-cronograma-de-espectaculos-para-los-cuatro-dias-de-festival-infantil\/","title":{"rendered":"Presentaron el cronograma de espect\u00e1culos para los cuatro d\u00edas de Festival Infantil"},"content":{"rendered":"<p>La Direcci\u00f3n de Cultura, dependiente de la Secretar\u00eda de Turismo y Desarrollo Productivo, da a conocer desde este lunes la grilla completa de espect\u00e1culos para la 62\u00ba edici\u00f3n del Festival Infantil \u201cMaravilloso\u201d, que se realizar\u00e1 en el Festival\u00f3dromo del Parque Miguel Lillo del 2 al 5 de febrero.<\/p>\n<p><strong>JUEVES 2<\/strong><\/p>\n<p><strong>Escenario 1<\/strong><\/p>\n<ul>\n<li><strong>21hs. COMPA\u00d1\u00cdA PHAWAY<\/strong><\/li>\n<\/ul>\n<p><strong>Anfiteatro (escenario 2)<\/strong><\/p>\n<ul>\n<li>18 hs. Circo Entero<\/li>\n<li>19 hs. Abelardo<\/li>\n<li>20 hs. Amores en Quequ\u00e9n (Canap\u00e9 de Polenta)<\/li>\n<\/ul>\n<p><strong>Escenario 3<\/strong><\/p>\n<ul>\n<li>17.30 Murga<\/li>\n<li>18 hs. Marbelita<\/li>\n<li>19.30 Cuento que te re cuento (Cazadores de aventuras)<\/li>\n<li>20.30 Las travesuras de Tito y Clarita (Vecinos Imaginarios)<\/li>\n<\/ul>\n<p><a href=\"https:\/\/primicias2262.com\/wp-content\/uploads\/2022\/02\/Festival.jpeg\"><img loading=\"lazy\" decoding=\"async\" class=\"aligncenter size-large wp-image-87198\" src=\"https:\/\/primicias2262.com\/wp-content\/uploads\/2022\/02\/Festival-1024x682.jpeg\" alt=\"\" width=\"696\" height=\"464\" \/><\/a><\/p>\n<p><strong>VIERNES 3<\/strong><\/p>\n<p><strong>Escenario 1<\/strong><\/p>\n<ul>\n<li>20 hs. The Marielenos Rock<\/li>\n<li>20.45 Sergio \u00c1lvarez<\/li>\n<\/ul>\n<p><strong>Anfiteatro<\/strong><\/p>\n<ul>\n<li>18 hs. Se desconcierta el concierto (Latin d\u00fao)<\/li>\n<li>20 hs. Valeria Pessacg (danza)<\/li>\n<li>20.30 Te reto un cuento (Muevemundos)<\/li>\n<\/ul>\n<p><strong>Escenario 3<\/strong><\/p>\n<ul>\n<li>18.30 Circo de Do\u00f1a Fresca<\/li>\n<li>20.30 La Caverna de los Cuentos (Teatro El Cruce)<\/li>\n<\/ul>\n<p>***<\/p>\n<p><strong>S\u00c1BADO 4<\/strong><\/p>\n<p><strong>Escenario 1<\/strong><\/p>\n<ul>\n<li><strong>21 hs. CANTICU\u00c9NTICOS<\/strong><\/li>\n<\/ul>\n<p><strong>Anfiteatro<\/strong><\/p>\n<ul>\n<li>18 hs. Circo Entero<\/li>\n<li>19 hs. Cromalina<\/li>\n<li>20 hs. Melina Casar\u00edn (Zumba kids)<\/li>\n<\/ul>\n<p><strong>Escenario 3<\/strong><\/p>\n<ul>\n<li>17.30 Murga<\/li>\n<li>18.30 Marbelita<\/li>\n<li>19.30 Zanguchelli Clown (Agustina Zanichelli)<\/li>\n<li>20 hs. Las travesuras de Tito y Clarita (Vecinos Imaginarios)<\/li>\n<li>20.30 Detr\u00e1s del bosque (Muevemundos)<\/li>\n<\/ul>\n<p>***<\/p>\n<p><strong>DOMINGO 5<\/strong><\/p>\n<p><strong>Escenario 1<\/strong><\/p>\n<ul>\n<li><strong>21 hs. TOPA<\/strong><\/li>\n<\/ul>\n<p><strong>Anfiteatro<\/strong><\/p>\n<ul>\n<li>18 hs. Se desconcierta el concierto (Latin d\u00fao)<\/li>\n<li>19 hs. El Circo de Do\u00f1a Fresca<\/li>\n<li>20 hs. Abelardo<\/li>\n<\/ul>\n<p><strong>Escenario 3<\/strong><\/p>\n<ul>\n<li>18.30 Cuento que te re cuento (Cazadores de aventuras)<\/li>\n<li>19.30 Zanguchelli Clown (Agustina Zanichelli)<\/li>\n<li>20 hs. La Caverna de los Cuentos (Teatro El Cruce)<\/li>\n<\/ul>\n","protected":false},"excerpt":{"rendered":"<p>La Direcci\u00f3n de Cultura, dependiente de la Secretar\u00eda de Turismo y Desarrollo Productivo, da a conocer desde este lunes la grilla completa de espect\u00e1culos para la 62\u00ba edici\u00f3n del Festival Infantil \u201cMaravilloso\u201d, que se realizar\u00e1 en el Festival\u00f3dromo del Parque Miguel Lillo del 2 al 5 de febrero. JUEVES 2 Escenario 1 21hs. COMPA\u00d1\u00cdA PHAWAY [&hellip;]<\/p>\n","protected":false},"author":3,"featured_media":96823,"comment_status":"closed","ping_status":"closed","sticky":false,"template":"","format":"standard","meta":{"footnotes":""},"categories":[3],"tags":[],"class_list":["post-96821","post","type-post","status-publish","format-standard","has-post-thumbnail","category-masnoticias"],"_links":{"self":[{"href":"https:\/\/primicias2262.com\/noticias\/wp-json\/wp\/v2\/posts\/96821","targetHints":{"allow":["GET"]}}],"collection":[{"href":"https:\/\/primicias2262.com\/noticias\/wp-json\/wp\/v2\/posts"}],"about":[{"href":"https:\/\/primicias2262.com\/noticias\/wp-json\/wp\/v2\/types\/post"}],"author":[{"embeddable":true,"href":"https:\/\/primicias2262.com\/noticias\/wp-json\/wp\/v2\/users\/3"}],"replies":[{"embeddable":true,"href":"https:\/\/primicias2262.com\/noticias\/wp-json\/wp\/v2\/comments?post=96821"}],"version-history":[{"count":0,"href":"https:\/\/primicias2262.com\/noticias\/wp-json\/wp\/v2\/posts\/96821\/revisions"}],"wp:attachment":[{"href":"https:\/\/primicias2262.com\/noticias\/wp-json\/wp\/v2\/media?parent=96821"}],"wp:term":[{"taxonomy":"category","embeddable":true,"href":"https:\/\/primicias2262.com\/noticias\/wp-json\/wp\/v2\/categories?post=96821"},{"taxonomy":"post_tag","embeddable":true,"href":"https:\/\/primicias2262.com\/noticias\/wp-json\/wp\/v2\/tags?post=96821"}],"curies":[{"name":"wp","href":"https:\/\/api.w.org\/{rel}","templated":true}]}}