{"id":96825,"date":"2023-01-18T12:00:51","date_gmt":"2023-01-18T15:00:51","guid":{"rendered":"https:\/\/primicias2262.com\/?p=96825"},"modified":"2023-01-18T12:00:51","modified_gmt":"2023-01-18T15:00:51","slug":"con-fabricacion-netamente-necochense-colocaron-una-fuente-iluminada-en-el-rio","status":"publish","type":"post","link":"https:\/\/primicias2262.com\/noticias\/con-fabricacion-netamente-necochense-colocaron-una-fuente-iluminada-en-el-rio\/","title":{"rendered":"Con fabricaci\u00f3n netamente necochense colocaron una fuente iluminada en el r\u00edo"},"content":{"rendered":"<p><strong>\u201cFinalmente se hizo realidad un sue\u00f1o de muchos a\u00f1os\u201d, destacaron los integrantes del Paseo de la Ribera, los impulsores de la pintoresca idea que est\u00e1 ubicada a la altura del kil\u00f3metro 2,1 de dicho trazado.<\/strong><\/p>\n<p>\u201cUna balsa flotante iluminada en un r\u00edo con movimiento de mareas, prototipo. \u00danica (en Argentina al menos). A\u00fan en periodo de ajustes, con idea, dise\u00f1o y fabricaci\u00f3n netamente necochense\u201d, expresaron en las redes sociales del Paseo de la Ribera.<\/p>\n<p>Subrayaron asimismo que \u201cmuchos locos so\u00f1adores pusieron su granito de arena para que esto sea posible\u201d y agradecieron de la siguiente manera: \u201cGracias totales a Luis Ferreyra, Diego Ortiz y familia de Perforaciones Ortiz, Ingeniero Mart\u00edn Gonz\u00e1lez, Gerardo Winter, Andr\u00e9s Wall, Norberto Bershkov de Pl\u00e1sticos Delta, Sergio Pelaez, Ing. Enrique Castro, Alfredo Guzm\u00e1n y tantos otros que iremos agregando a medida que la memoria los traiga al recuerdo\u201d.<\/p>\n\n<p><strong>El nuevo atractivo ya fue vandalizado<\/strong><\/p>\n<p><strong>Fuente: elciudadanonecochea<\/strong><\/p>\n<p>Luego de la instalaci\u00f3n de la fuente flotante iluminada por los vecinos del Paseo de la Ribera el pasado s\u00e1bado, apenas 48 horas despu\u00e9s fue vandalizado, ya que el lunes aparecieron cables cortados y otros tipos de da\u00f1os que generaron la indigaci\u00f3n de los vecinos de la ribera.<\/p>\n<p>Pero la pasajera frustraci\u00f3n que los v\u00e1ndalos les provocaron, lejos de bajar los brazos, r\u00e1pidamente se pusieron en acci\u00f3n, no s\u00f3lo para reparar los da\u00f1os, sino para perfeccionar las conexiones, dot\u00e1ndolas de mayor seguridad.<\/p>\n<p>En consecuencia, el mismo lunes por la noche ya se pudo volver a observar la balsa flotante dotada de iluminaci\u00f3n, con colores que van variando constantemente al tiempo que surgen chorros de agua que llegan a gran altura.<\/p>\n<p>&nbsp;<\/p>\n<p><span class=\"_aacl _aaco _aacu _aacx _aad7 _aade\">\u00a0<\/span><\/p>\n","protected":false},"excerpt":{"rendered":"<p>\u201cFinalmente se hizo realidad un sue\u00f1o de muchos a\u00f1os\u201d, destacaron los integrantes del Paseo de la Ribera, los impulsores de la pintoresca idea que est\u00e1 ubicada a la altura del kil\u00f3metro 2,1 de dicho trazado. \u201cUna balsa flotante iluminada en un r\u00edo con movimiento de mareas, prototipo. \u00danica (en Argentina al menos). A\u00fan en periodo [&hellip;]<\/p>\n","protected":false},"author":3,"featured_media":96828,"comment_status":"closed","ping_status":"closed","sticky":false,"template":"","format":"standard","meta":{"footnotes":""},"categories":[3],"tags":[],"class_list":["post-96825","post","type-post","status-publish","format-standard","has-post-thumbnail","category-masnoticias"],"_links":{"self":[{"href":"https:\/\/primicias2262.com\/noticias\/wp-json\/wp\/v2\/posts\/96825","targetHints":{"allow":["GET"]}}],"collection":[{"href":"https:\/\/primicias2262.com\/noticias\/wp-json\/wp\/v2\/posts"}],"about":[{"href":"https:\/\/primicias2262.com\/noticias\/wp-json\/wp\/v2\/types\/post"}],"author":[{"embeddable":true,"href":"https:\/\/primicias2262.com\/noticias\/wp-json\/wp\/v2\/users\/3"}],"replies":[{"embeddable":true,"href":"https:\/\/primicias2262.com\/noticias\/wp-json\/wp\/v2\/comments?post=96825"}],"version-history":[{"count":0,"href":"https:\/\/primicias2262.com\/noticias\/wp-json\/wp\/v2\/posts\/96825\/revisions"}],"wp:attachment":[{"href":"https:\/\/primicias2262.com\/noticias\/wp-json\/wp\/v2\/media?parent=96825"}],"wp:term":[{"taxonomy":"category","embeddable":true,"href":"https:\/\/primicias2262.com\/noticias\/wp-json\/wp\/v2\/categories?post=96825"},{"taxonomy":"post_tag","embeddable":true,"href":"https:\/\/primicias2262.com\/noticias\/wp-json\/wp\/v2\/tags?post=96825"}],"curies":[{"name":"wp","href":"https:\/\/api.w.org\/{rel}","templated":true}]}}