{"id":96845,"date":"2023-01-18T10:27:18","date_gmt":"2023-01-18T13:27:18","guid":{"rendered":"https:\/\/primicias2262.com\/?p=96845"},"modified":"2023-01-18T10:27:18","modified_gmt":"2023-01-18T13:27:18","slug":"los-food-trucks-deberan-tener-documentacion-actualizada-para-el-festival-infantil","status":"publish","type":"post","link":"https:\/\/primicias2262.com\/noticias\/los-food-trucks-deberan-tener-documentacion-actualizada-para-el-festival-infantil\/","title":{"rendered":"Los Food Trucks deber\u00e1n tener documentaci\u00f3n actualizada para el Festival Infantil"},"content":{"rendered":"<div class=\"elementor-element elementor-element-4e81b259 elementor-widget elementor-widget-theme-post-content\" data-id=\"4e81b259\" data-element_type=\"widget\" data-widget_type=\"theme-post-content.default\">\n<div class=\"elementor-widget-container\">\n<p><strong>Para ello se convoca a los due\u00f1os de los remolques gastron\u00f3micos a que se acerquen a Control Urbano para actualizar permisos, abonar tasas y revisar dem\u00e1s documentaci\u00f3n de cara al evento en febrero.<\/strong><\/p>\n<p>La Direcci\u00f3n general de Control Urbano, que depende de la Secretar\u00eda de Gobierno, convoca a aquellos Food Trucks habilitados a pasar por las oficinas de dicha dependencia, ubicada en el 2\u00ba piso del Centro C\u00edvico, a fin de actualizar documentaci\u00f3n pertinente y participar en la 62\u00ba edici\u00f3n del Festival Infantil en el Parque Miguel Lillo.<\/p>\n<p>Desde Control Urbano se aclar\u00f3 que para este evento no se van a recepcionar nuevos food trucks, pero aquellos que ya est\u00e1n habilitados deber\u00e1n acercarse para actualizar la documentaci\u00f3n que se encuentre vencida y poder tener los remolques gastron\u00f3micos al d\u00eda.<\/p>\n<\/div>\n<\/div>\n","protected":false},"excerpt":{"rendered":"<p>Para ello se convoca a los due\u00f1os de los remolques gastron\u00f3micos a que se acerquen a Control Urbano para actualizar permisos, abonar tasas y revisar dem\u00e1s documentaci\u00f3n de cara al evento en febrero. La Direcci\u00f3n general de Control Urbano, que depende de la Secretar\u00eda de Gobierno, convoca a aquellos Food Trucks habilitados a pasar por [&hellip;]<\/p>\n","protected":false},"author":3,"featured_media":96846,"comment_status":"closed","ping_status":"closed","sticky":false,"template":"","format":"standard","meta":{"footnotes":""},"categories":[3],"tags":[],"class_list":["post-96845","post","type-post","status-publish","format-standard","has-post-thumbnail","category-masnoticias"],"_links":{"self":[{"href":"https:\/\/primicias2262.com\/noticias\/wp-json\/wp\/v2\/posts\/96845","targetHints":{"allow":["GET"]}}],"collection":[{"href":"https:\/\/primicias2262.com\/noticias\/wp-json\/wp\/v2\/posts"}],"about":[{"href":"https:\/\/primicias2262.com\/noticias\/wp-json\/wp\/v2\/types\/post"}],"author":[{"embeddable":true,"href":"https:\/\/primicias2262.com\/noticias\/wp-json\/wp\/v2\/users\/3"}],"replies":[{"embeddable":true,"href":"https:\/\/primicias2262.com\/noticias\/wp-json\/wp\/v2\/comments?post=96845"}],"version-history":[{"count":0,"href":"https:\/\/primicias2262.com\/noticias\/wp-json\/wp\/v2\/posts\/96845\/revisions"}],"wp:attachment":[{"href":"https:\/\/primicias2262.com\/noticias\/wp-json\/wp\/v2\/media?parent=96845"}],"wp:term":[{"taxonomy":"category","embeddable":true,"href":"https:\/\/primicias2262.com\/noticias\/wp-json\/wp\/v2\/categories?post=96845"},{"taxonomy":"post_tag","embeddable":true,"href":"https:\/\/primicias2262.com\/noticias\/wp-json\/wp\/v2\/tags?post=96845"}],"curies":[{"name":"wp","href":"https:\/\/api.w.org\/{rel}","templated":true}]}}