{"id":96848,"date":"2023-01-18T10:31:34","date_gmt":"2023-01-18T13:31:34","guid":{"rendered":"https:\/\/primicias2262.com\/?p=96848"},"modified":"2023-01-18T10:31:34","modified_gmt":"2023-01-18T13:31:34","slug":"ruben-cholo-garcia-visitara-el-sindicato-municipal-este-viernes","status":"publish","type":"post","link":"https:\/\/primicias2262.com\/noticias\/ruben-cholo-garcia-visitara-el-sindicato-municipal-este-viernes\/","title":{"rendered":"Rub\u00e9n \u201cCholo\u201d Garc\u00eda visitar\u00e1 el Sindicato Municipal este viernes"},"content":{"rendered":"<p>Desde la c\u00fapula del Sindicato de Trabajadores Municipales de Necochea informaron que el pr\u00f3ximo viernes 20, a partir de las 11, recibir\u00e1n la visita de Rub\u00e9n \u00abCholo\u00bb Garc\u00eda, Secretario General a nivel Nacional del Sindicato de Trabajadores Municipales.<\/p>\n<p>Durante su estad\u00eda en la ciudad, Garc\u00eda recorrer\u00e1 las instalaciones del gremio de STM en calle 63 N\u00b02882, donde se firmar\u00e1 un convenio de inversi\u00f3n para el camping \u00abLas grutas \u00bb y participar\u00e1 de una reuni\u00f3n con Delegados y Comisi\u00f3n Directiva donde se abordar\u00e1n distintos temas.<\/p>\n","protected":false},"excerpt":{"rendered":"<p>Desde la c\u00fapula del Sindicato de Trabajadores Municipales de Necochea informaron que el pr\u00f3ximo viernes 20, a partir de las 11, recibir\u00e1n la visita de Rub\u00e9n \u00abCholo\u00bb Garc\u00eda, Secretario General a nivel Nacional del Sindicato de Trabajadores Municipales. Durante su estad\u00eda en la ciudad, Garc\u00eda recorrer\u00e1 las instalaciones del gremio de STM en calle 63 [&hellip;]<\/p>\n","protected":false},"author":3,"featured_media":96849,"comment_status":"closed","ping_status":"closed","sticky":false,"template":"","format":"standard","meta":{"footnotes":""},"categories":[3],"tags":[],"class_list":["post-96848","post","type-post","status-publish","format-standard","has-post-thumbnail","category-masnoticias"],"_links":{"self":[{"href":"https:\/\/primicias2262.com\/noticias\/wp-json\/wp\/v2\/posts\/96848","targetHints":{"allow":["GET"]}}],"collection":[{"href":"https:\/\/primicias2262.com\/noticias\/wp-json\/wp\/v2\/posts"}],"about":[{"href":"https:\/\/primicias2262.com\/noticias\/wp-json\/wp\/v2\/types\/post"}],"author":[{"embeddable":true,"href":"https:\/\/primicias2262.com\/noticias\/wp-json\/wp\/v2\/users\/3"}],"replies":[{"embeddable":true,"href":"https:\/\/primicias2262.com\/noticias\/wp-json\/wp\/v2\/comments?post=96848"}],"version-history":[{"count":0,"href":"https:\/\/primicias2262.com\/noticias\/wp-json\/wp\/v2\/posts\/96848\/revisions"}],"wp:attachment":[{"href":"https:\/\/primicias2262.com\/noticias\/wp-json\/wp\/v2\/media?parent=96848"}],"wp:term":[{"taxonomy":"category","embeddable":true,"href":"https:\/\/primicias2262.com\/noticias\/wp-json\/wp\/v2\/categories?post=96848"},{"taxonomy":"post_tag","embeddable":true,"href":"https:\/\/primicias2262.com\/noticias\/wp-json\/wp\/v2\/tags?post=96848"}],"curies":[{"name":"wp","href":"https:\/\/api.w.org\/{rel}","templated":true}]}}