{"id":96856,"date":"2023-01-18T23:13:24","date_gmt":"2023-01-19T02:13:24","guid":{"rendered":"https:\/\/primicias2262.com\/?p=96856"},"modified":"2023-01-18T23:13:24","modified_gmt":"2023-01-19T02:13:24","slug":"en-necochea-se-marcho-reclamando-justicia-por-fernando-baez-sosa","status":"publish","type":"post","link":"https:\/\/primicias2262.com\/noticias\/en-necochea-se-marcho-reclamando-justicia-por-fernando-baez-sosa\/","title":{"rendered":"En Necochea se march\u00f3 reclamando justicia por Fernando B\u00e1ez Sosa"},"content":{"rendered":"<p><strong>Una importante concentraci\u00f3n de vecinos se llev\u00f3 a cabo en la Plaza San Mart\u00edn de la Villa Balnearia y desde all\u00ed se realiz\u00f3 una movilizaci\u00f3n por calles de la costa con un solo pedido en consonancia con una causa nacional: justicia por Fernando B\u00e1ez Sosa, brutalmente asesinado por una patota de pibes de su edad hace tres a\u00f1os en Villa Gesell.<\/strong><\/p>\n<p>La marcha se encabez\u00f3 con una bandera que un grupo de madres fue enarbolando con la emoci\u00f3n a flor de piel por calle 85 hasta la avenida 2 y retomando por peatonal 83 hasta la plaza, pancarta que rezaba \u00abtu hijo puede ser Fernando\u00bb.<\/p>\n<p><a href=\"https:\/\/primicias2262.com\/wp-content\/uploads\/2023\/01\/marcha-fernando3.jpg\"><img loading=\"lazy\" decoding=\"async\" class=\"aligncenter size-large wp-image-96859\" src=\"https:\/\/primicias2262.com\/wp-content\/uploads\/2023\/01\/marcha-fernando3-1024x768.jpg\" alt=\"\" width=\"696\" height=\"522\" \/><\/a><\/p>\n<p>A medida que la marcha avanzaba, no solamente aplaud\u00edan y gritaban por justicia los que la protagonizaban, sino que toda la gente, vecinos y turistas que estaban ocasionalmente en la Villa, se sumaban con sus palmas y su respeto al reclamo colectivo.<\/p>\n<p>Posteriormente a ello se llev\u00f3 a cabo una misa a la memoria de Fernando en la parroquia de Lourdes, frente a dicha plaza, en calle 6 entre 83 y 85.<\/p>\n\n<p>La marcha pac\u00edfica en Necochea se desarroll\u00f3 en consonancia con cientos de actos masivos a lo largo y ancho del pa\u00eds y con el homenaje central a Fernando en la ciudad de Dolores, donde se lleva adelante el juicio a los ocho asesinos de B\u00e1ez Sosa. El acto fue encabezado por los padres de Fernando, Graciela y Silvino, y tuvo un marco multitudinario.<\/p>\n","protected":false},"excerpt":{"rendered":"<p>Una importante concentraci\u00f3n de vecinos se llev\u00f3 a cabo en la Plaza San Mart\u00edn de la Villa Balnearia y desde all\u00ed se realiz\u00f3 una movilizaci\u00f3n por calles de la costa con un solo pedido en consonancia con una causa nacional: justicia por Fernando B\u00e1ez Sosa, brutalmente asesinado por una patota de pibes de su edad [&hellip;]<\/p>\n","protected":false},"author":3,"featured_media":96857,"comment_status":"closed","ping_status":"closed","sticky":false,"template":"","format":"standard","meta":{"footnotes":""},"categories":[3],"tags":[],"class_list":["post-96856","post","type-post","status-publish","format-standard","has-post-thumbnail","category-masnoticias"],"_links":{"self":[{"href":"https:\/\/primicias2262.com\/noticias\/wp-json\/wp\/v2\/posts\/96856","targetHints":{"allow":["GET"]}}],"collection":[{"href":"https:\/\/primicias2262.com\/noticias\/wp-json\/wp\/v2\/posts"}],"about":[{"href":"https:\/\/primicias2262.com\/noticias\/wp-json\/wp\/v2\/types\/post"}],"author":[{"embeddable":true,"href":"https:\/\/primicias2262.com\/noticias\/wp-json\/wp\/v2\/users\/3"}],"replies":[{"embeddable":true,"href":"https:\/\/primicias2262.com\/noticias\/wp-json\/wp\/v2\/comments?post=96856"}],"version-history":[{"count":0,"href":"https:\/\/primicias2262.com\/noticias\/wp-json\/wp\/v2\/posts\/96856\/revisions"}],"wp:attachment":[{"href":"https:\/\/primicias2262.com\/noticias\/wp-json\/wp\/v2\/media?parent=96856"}],"wp:term":[{"taxonomy":"category","embeddable":true,"href":"https:\/\/primicias2262.com\/noticias\/wp-json\/wp\/v2\/categories?post=96856"},{"taxonomy":"post_tag","embeddable":true,"href":"https:\/\/primicias2262.com\/noticias\/wp-json\/wp\/v2\/tags?post=96856"}],"curies":[{"name":"wp","href":"https:\/\/api.w.org\/{rel}","templated":true}]}}