{"id":96891,"date":"2023-01-19T14:05:26","date_gmt":"2023-01-19T17:05:26","guid":{"rendered":"https:\/\/primicias2262.com\/?p=96891"},"modified":"2023-01-19T14:05:26","modified_gmt":"2023-01-19T17:05:26","slug":"finalmente-huracan-no-participara-de-la-liga-federal-de-voley","status":"publish","type":"post","link":"https:\/\/primicias2262.com\/noticias\/finalmente-huracan-no-participara-de-la-liga-federal-de-voley\/","title":{"rendered":"Finalmente Hurac\u00e1n no participar\u00e1 de la Liga Federal de V\u00f3ley"},"content":{"rendered":"<p><strong>Fuente: El Deportivo Juan Alberto Poteca<\/strong><\/p>\n<p><strong>El entrenador y m\u00e1ximo referente del v\u00f3leibol de Hurac\u00e1n, Pablo Meana, indic\u00f3 que \u201csi bien sabemos que \u00e9sta era una gran oportunidad para jugarlo, a medida que fueron pasando los d\u00edas, fuimos evaluando una serie de cosas e incluso se fueron dando distintas situaciones, que nos llevaron a desistir de participar de la competencia\u201d.<\/strong><\/p>\n<p>La subcomisi\u00f3n de voleibol del Club Social y Deportivo Hurac\u00e1n decidi\u00f3 que no participar\u00e1 de la Liga Federal de Voleibol, que se desarrollar\u00e1 en febrero pr\u00f3ximo en Santiago del Estero.<\/p>\n<p>En noviembre pasado, mientras se estaba disputando en Necochea el tercer weekend de la Liga del Centro Bonaerense de V\u00f3leibol, se conoci\u00f3 la novedad que el primer equipo del Club Hurac\u00e1n de Necochea jugar\u00eda la Liga Federal, organizado por FEVA (Federaci\u00f3n de V\u00f3leibol de Argentina).<\/p>\n<p>El \u201cGlobo\u201d se hab\u00eda anotado para participar del Torneo Provincial, pero en virtud de que no se inscribi\u00f3 ning\u00fan otro elenco para esa competencia, el equipo necochense se hab\u00eda clasificado de manera directa para el torneo inmediatamente superior, que es la Liga Federal, el tercero en importancia a nivel nacional.<\/p>\n<p>En ese momento, r\u00e1pidamente la subcomisi\u00f3n de v\u00f3ley de Hurac\u00e1n se aboc\u00f3 a reunir el presupuesto para el viaje y estad\u00eda, para poder participar de la importante competencia, el que ascend\u00eda a una importante cifra de dinero. No obstante, se hicieron los esfuerzos para poder reunir y cumplir con esta participaci\u00f3n, lo que significar\u00eda un paso sumamente importante no s\u00f3lo para el v\u00f3leibol de Hurac\u00e1n, sino de Necochea en general.<\/p>\n<p>La noticia en un primer momento fue recibida con gran benepl\u00e1cito y es por eso que se hizo un muy buen trabajo en pos de reunir el presupuesto, pero para jugar un torneo de estas caracter\u00edsticas, no solamente se necesita del dinero, sino tambi\u00e9n se debe armar una log\u00edstica importante y se necesita de un plantel de catorce jugadores que est\u00e9 abocado de lleno al torneo por espacio de alrededor de quince d\u00edas. Esto es algo que no siempre se puede conseguir, debido a que estamos hablando de un torneo de primera divisi\u00f3n, de car\u00e1cter amateur, y no todos los jugadores pueden tener disponibilidad durante todos esos d\u00edas, debido a que adem\u00e1s de jugar al v\u00f3leibol tienen sus familias, trabajos y distintas obligaciones.<\/p>\n<p>El entrenador y m\u00e1ximo referente del v\u00f3leibol de Hurac\u00e1n, Pablo Meana, indic\u00f3 que \u201csi bien sabemos que \u00e9sta era una gran oportunidad, que nos provoc\u00f3 gran alegr\u00eda y mucha adrenalina para buscar todos los medios para jugarlo, pero a medida que fueron pasando los d\u00edas, fuimos evaluando una serie de cosas, incluso se fueron dando distintas situaciones, que nos llevaron a desistir de participar de la competencia\u201d.<\/p>\n<p>Pablo asever\u00f3 que \u201cprimero estaba la importante suma de dinero que ten\u00edamos que reunir, lo que estaba bastante encaminado, porque ten\u00edamos el compromiso de varias personas para que esto pudiera ser realidad, as\u00ed que \u00e9ramos optimistas en tal sentido. Pero despu\u00e9s tambi\u00e9n se dan otras situaciones, por ejemplo que ten\u00edamos que ir con un plantel de catorce jugadores, porque es un torneo de diez d\u00edas, no podemos viajar con un plantel al l\u00edmite, y si bien en un principio ten\u00edamos esa cantidad de jugadores, luego se fueron bajando algunos por cuestiones personales y laborales, que son totalmente l\u00f3gicas, porque estamos hablando de un plantel amateur. Para poder ir tendr\u00edamos que haber salido a buscar refuerzos, que no era la idea, porque desde un principio lo tomamos para jugar con nuestros jugadores, con los grandes y tambi\u00e9n para foguear a los m\u00e1s j\u00f3venes, entonces finalmente decidimos no participar\u201d.<\/p>\n<p>El ex jugador de la Selecci\u00f3n Argentina resalt\u00f3 que \u201ccon esta decisi\u00f3n no se modifica ni cambia nada, porque seguimos con el proyecto que venimos desarrollando desde hace a\u00f1os en el club y se van a presentar otras oportunidades, adem\u00e1s de seguir participando en los torneos que lo venimos haciendo. Incluso esas oportunidades se dan porque nosotros mismos las generamos desde el trabajo que hacemos\u201d.<\/p>\n<p>Por \u00faltimo Pablo Meana manifest\u00f3 que \u201cqueremos agradecer mucho a todos los que nos estaban apoyando en esta posible participaci\u00f3n en la Liga Federal, a las puertas que se nos abrieron y a todos los que se comprometieron a ayudarnos. Esta vez decidimos esto porque entendimos que era lo mejor por c\u00f3mo se dieron las circunstancias, pero continuaremos apostando al crecimiento, a nuestro proyecto y al v\u00f3ley de Necochea\u201d.<\/p>\n","protected":false},"excerpt":{"rendered":"<p>Fuente: El Deportivo Juan Alberto Poteca El entrenador y m\u00e1ximo referente del v\u00f3leibol de Hurac\u00e1n, Pablo Meana, indic\u00f3 que \u201csi bien sabemos que \u00e9sta era una gran oportunidad para jugarlo, a medida que fueron pasando los d\u00edas, fuimos evaluando una serie de cosas e incluso se fueron dando distintas situaciones, que nos llevaron a desistir [&hellip;]<\/p>\n","protected":false},"author":3,"featured_media":72696,"comment_status":"closed","ping_status":"closed","sticky":false,"template":"","format":"standard","meta":{"footnotes":""},"categories":[3],"tags":[],"class_list":["post-96891","post","type-post","status-publish","format-standard","has-post-thumbnail","category-masnoticias"],"_links":{"self":[{"href":"https:\/\/primicias2262.com\/noticias\/wp-json\/wp\/v2\/posts\/96891","targetHints":{"allow":["GET"]}}],"collection":[{"href":"https:\/\/primicias2262.com\/noticias\/wp-json\/wp\/v2\/posts"}],"about":[{"href":"https:\/\/primicias2262.com\/noticias\/wp-json\/wp\/v2\/types\/post"}],"author":[{"embeddable":true,"href":"https:\/\/primicias2262.com\/noticias\/wp-json\/wp\/v2\/users\/3"}],"replies":[{"embeddable":true,"href":"https:\/\/primicias2262.com\/noticias\/wp-json\/wp\/v2\/comments?post=96891"}],"version-history":[{"count":0,"href":"https:\/\/primicias2262.com\/noticias\/wp-json\/wp\/v2\/posts\/96891\/revisions"}],"wp:attachment":[{"href":"https:\/\/primicias2262.com\/noticias\/wp-json\/wp\/v2\/media?parent=96891"}],"wp:term":[{"taxonomy":"category","embeddable":true,"href":"https:\/\/primicias2262.com\/noticias\/wp-json\/wp\/v2\/categories?post=96891"},{"taxonomy":"post_tag","embeddable":true,"href":"https:\/\/primicias2262.com\/noticias\/wp-json\/wp\/v2\/tags?post=96891"}],"curies":[{"name":"wp","href":"https:\/\/api.w.org\/{rel}","templated":true}]}}