{"id":96901,"date":"2023-01-20T09:13:17","date_gmt":"2023-01-20T12:13:17","guid":{"rendered":"https:\/\/primicias2262.com\/?p=96901"},"modified":"2023-01-20T09:13:17","modified_gmt":"2023-01-20T12:13:17","slug":"pedro-barrientos-asumio-como-secretario-de-salud-de-loberia","status":"publish","type":"post","link":"https:\/\/primicias2262.com\/noticias\/pedro-barrientos-asumio-como-secretario-de-salud-de-loberia\/","title":{"rendered":"Pedro Barrientos asumi\u00f3 como secretario de Salud de Lober\u00eda"},"content":{"rendered":"<p><strong>En horas del pasado jueves 20 de enero, el intendente de Lober\u00eda, Juan Jos\u00e9 Fioramonti, puso en funciones en el cargo como secretario de Salud y Desarrollo Social de la comuna vecina al Dr. Pedro Barrientos, quien se estaba desempe\u00f1ando como m\u00e9dico del Hospital Municipal Gaspar M. Campos en el \u00e1rea de Terapia Intensiva.<\/strong><\/p>\n<p>De esta manera, Barrientos reemplaza al Dr. Francesco Fioramonti, quien deja la funci\u00f3n p\u00fablica tras 7 a\u00f1os.<\/p>\n<p>Barrientos supo ser secretario de Salud del municipio de Necochea, durante un lapso de la gesti\u00f3n del exintendente Facundo L\u00f3pez.<\/p>\n","protected":false},"excerpt":{"rendered":"<p>En horas del pasado jueves 20 de enero, el intendente de Lober\u00eda, Juan Jos\u00e9 Fioramonti, puso en funciones en el cargo como secretario de Salud y Desarrollo Social de la comuna vecina al Dr. Pedro Barrientos, quien se estaba desempe\u00f1ando como m\u00e9dico del Hospital Municipal Gaspar M. Campos en el \u00e1rea de Terapia Intensiva. De [&hellip;]<\/p>\n","protected":false},"author":3,"featured_media":96903,"comment_status":"closed","ping_status":"closed","sticky":false,"template":"","format":"standard","meta":{"footnotes":""},"categories":[3],"tags":[],"class_list":["post-96901","post","type-post","status-publish","format-standard","has-post-thumbnail","category-masnoticias"],"_links":{"self":[{"href":"https:\/\/primicias2262.com\/noticias\/wp-json\/wp\/v2\/posts\/96901","targetHints":{"allow":["GET"]}}],"collection":[{"href":"https:\/\/primicias2262.com\/noticias\/wp-json\/wp\/v2\/posts"}],"about":[{"href":"https:\/\/primicias2262.com\/noticias\/wp-json\/wp\/v2\/types\/post"}],"author":[{"embeddable":true,"href":"https:\/\/primicias2262.com\/noticias\/wp-json\/wp\/v2\/users\/3"}],"replies":[{"embeddable":true,"href":"https:\/\/primicias2262.com\/noticias\/wp-json\/wp\/v2\/comments?post=96901"}],"version-history":[{"count":0,"href":"https:\/\/primicias2262.com\/noticias\/wp-json\/wp\/v2\/posts\/96901\/revisions"}],"wp:attachment":[{"href":"https:\/\/primicias2262.com\/noticias\/wp-json\/wp\/v2\/media?parent=96901"}],"wp:term":[{"taxonomy":"category","embeddable":true,"href":"https:\/\/primicias2262.com\/noticias\/wp-json\/wp\/v2\/categories?post=96901"},{"taxonomy":"post_tag","embeddable":true,"href":"https:\/\/primicias2262.com\/noticias\/wp-json\/wp\/v2\/tags?post=96901"}],"curies":[{"name":"wp","href":"https:\/\/api.w.org\/{rel}","templated":true}]}}