{"id":96907,"date":"2023-01-20T13:04:03","date_gmt":"2023-01-20T16:04:03","guid":{"rendered":"https:\/\/primicias2262.com\/?p=96907"},"modified":"2023-01-20T13:04:03","modified_gmt":"2023-01-20T16:04:03","slug":"defensores-de-puerto-quequen-volveria-a-la-liga-necochea-de-futbol","status":"publish","type":"post","link":"https:\/\/primicias2262.com\/noticias\/defensores-de-puerto-quequen-volveria-a-la-liga-necochea-de-futbol\/","title":{"rendered":"Defensores de Puerto Quequ\u00e9n volver\u00eda a la Liga Necochea de F\u00fatbol"},"content":{"rendered":"<p><strong>As\u00ed lo comunic\u00f3 la entidad este viernes en sus redes sociales. A\u00fan falta la confirmaci\u00f3n oficial de la casa madre del f\u00fatbol local.<\/strong><\/p>\n<p>Defensores de Puerto Quequ\u00e9n hizo claras sus intenciones este viernes de volver a competir en la Liga Necochea de F\u00fatbol este 2023, dando el salto despu\u00e9s de casi una d\u00e9cada en la cual la actividad se desarroll\u00f3 en la Liga Independiente de F\u00fatbol Amateur (LIFA), siendo el Azulgrana uno de los principales animadores.<\/p>\n<p><strong>Si bien falta el visto bueno y la confirmaci\u00f3n oficial de la Liga Necochea de F\u00fatbol, por lo pronto el club de la 517 dio a conocer tan linda noticia de la siguiente manera:<\/strong><\/p>\n<p>\u00abPasaron muchos a\u00f1os, no importa cu\u00e1ntos, para nosotros demasiados. Desde que asumimos la responsabilidad de conducir el club fue nuestro mayor objetivo, aunque en realidad era m\u00e1s que un objetivo, era un deseo, un anhelo, era poder darles un motivo de orgullo a todos los que quieren al Defe.<\/p>\n<p>Hoy, con una inmensa alegr\u00eda queremos comunicarles que volvemos a participar del torneo oficial de f\u00fatbol, formando parte de la Liga Necochense de F\u00fatbol, que es como decir que EL DEFE VUELVE A PRIMERA.<\/p>\n<p><a href=\"https:\/\/primicias2262.com\/wp-content\/uploads\/2023\/01\/Screenshot_20230120-1256522.png\"><img loading=\"lazy\" decoding=\"async\" class=\"aligncenter size-full wp-image-96910\" src=\"https:\/\/primicias2262.com\/wp-content\/uploads\/2023\/01\/Screenshot_20230120-1256522.png\" alt=\"\" width=\"720\" height=\"529\" \/><\/a>Estamos muy contentos y emocionados, para llegar a esto elegimos tomar un camino m\u00e1s largo quiz\u00e1s, empezar por las bases: primero estabilizar al club desde lo institucional, luego reparar las instalaciones, m\u00e1s tarde agregar infrauestructura y personal id\u00f3neo para finalmente llegar a este d\u00eda, tomar la gran decisi\u00f3n y afrontar este enorme desaf\u00edo.<\/p>\n<p>Naturalmente, incorporaremos nuevas divisiones menores y un plantel superior con reserva y primera. M\u00e1s adelante les iremos informando al respecto.<\/p>\n<p>Desde lo econ\u00f3mico no ser\u00e1 f\u00e1cil por lo que nuevamente invitamos a sumarse a todos quienes quieran y puedan colaborar.<\/p>\n<p>ESTAMOS FELICES<br \/>\nEL DEFE ES DE PRIMERA\u00bb.<\/p>\n<p><a href=\"https:\/\/primicias2262.com\/wp-content\/uploads\/2023\/01\/Screenshot_20230120-1303342.png\"><img loading=\"lazy\" decoding=\"async\" class=\"aligncenter size-large wp-image-96911\" src=\"https:\/\/primicias2262.com\/wp-content\/uploads\/2023\/01\/Screenshot_20230120-1303342-637x1024.png\" alt=\"\" width=\"637\" height=\"1024\" \/><\/a><\/p>\n","protected":false},"excerpt":{"rendered":"<p>As\u00ed lo comunic\u00f3 la entidad este viernes en sus redes sociales. A\u00fan falta la confirmaci\u00f3n oficial de la casa madre del f\u00fatbol local. Defensores de Puerto Quequ\u00e9n hizo claras sus intenciones este viernes de volver a competir en la Liga Necochea de F\u00fatbol este 2023, dando el salto despu\u00e9s de casi una d\u00e9cada en la [&hellip;]<\/p>\n","protected":false},"author":3,"featured_media":96908,"comment_status":"closed","ping_status":"closed","sticky":false,"template":"","format":"standard","meta":{"footnotes":""},"categories":[3],"tags":[],"class_list":["post-96907","post","type-post","status-publish","format-standard","has-post-thumbnail","category-masnoticias"],"_links":{"self":[{"href":"https:\/\/primicias2262.com\/noticias\/wp-json\/wp\/v2\/posts\/96907","targetHints":{"allow":["GET"]}}],"collection":[{"href":"https:\/\/primicias2262.com\/noticias\/wp-json\/wp\/v2\/posts"}],"about":[{"href":"https:\/\/primicias2262.com\/noticias\/wp-json\/wp\/v2\/types\/post"}],"author":[{"embeddable":true,"href":"https:\/\/primicias2262.com\/noticias\/wp-json\/wp\/v2\/users\/3"}],"replies":[{"embeddable":true,"href":"https:\/\/primicias2262.com\/noticias\/wp-json\/wp\/v2\/comments?post=96907"}],"version-history":[{"count":0,"href":"https:\/\/primicias2262.com\/noticias\/wp-json\/wp\/v2\/posts\/96907\/revisions"}],"wp:attachment":[{"href":"https:\/\/primicias2262.com\/noticias\/wp-json\/wp\/v2\/media?parent=96907"}],"wp:term":[{"taxonomy":"category","embeddable":true,"href":"https:\/\/primicias2262.com\/noticias\/wp-json\/wp\/v2\/categories?post=96907"},{"taxonomy":"post_tag","embeddable":true,"href":"https:\/\/primicias2262.com\/noticias\/wp-json\/wp\/v2\/tags?post=96907"}],"curies":[{"name":"wp","href":"https:\/\/api.w.org\/{rel}","templated":true}]}}