{"id":96914,"date":"2023-01-20T13:44:11","date_gmt":"2023-01-20T16:44:11","guid":{"rendered":"https:\/\/primicias2262.com\/?p=96914"},"modified":"2023-01-20T13:44:11","modified_gmt":"2023-01-20T16:44:11","slug":"opera-con-normalidad-el-link-con-los-datos-del-tiempo-del-radio-club-necochea","status":"publish","type":"post","link":"https:\/\/primicias2262.com\/noticias\/opera-con-normalidad-el-link-con-los-datos-del-tiempo-del-radio-club-necochea\/","title":{"rendered":"Opera con normalidad el link con los datos del tiempo del Radio Club Necochea"},"content":{"rendered":"<p><strong>La entidad solicita la colaboraci\u00f3n de la comunidad, requiriendo la donaci\u00f3n de \u201cuna bater\u00eda de auto\u201d para el sost\u00e9n permanente de este servicio<\/strong><\/p>\n<p><strong>Por Jorge G\u00f3mez<\/strong><\/p>\n<p><a href=\"https:\/\/primicias2262.com\/wp-content\/uploads\/2021\/08\/Gomez.jpg\"><img loading=\"lazy\" decoding=\"async\" class=\"alignleft size-thumbnail wp-image-80409\" src=\"https:\/\/primicias2262.com\/wp-content\/uploads\/2021\/08\/Gomez-150x150.jpg\" alt=\"\" width=\"150\" height=\"150\" \/><\/a>Ha vuelto a estar operativa desde este viernes 20 de enero la p\u00e1gina del Radio Club de Necochea, con el link que informa la situaci\u00f3n clim\u00e1tica al momento de nuestra ciudad.<\/p>\n<p>El titular de esta entidad de servicio, Guillermo Copl\u00f3, dio cuenta de esta novedad y est\u00e1 solicitando la donaci\u00f3n de \u201cuna bater\u00eda de auto\u201d, o similar, para el sost\u00e9n continuo de este servicio.<\/p>\n<p>Aquel interesado, o firma privada que est\u00e9 en condiciones de colaborar con este pedido del Radio Club Necochea puede dirigirse a las direcciones de correo electr\u00f3nico que pese dicha instituci\u00f3n.<\/p>\n","protected":false},"excerpt":{"rendered":"<p>La entidad solicita la colaboraci\u00f3n de la comunidad, requiriendo la donaci\u00f3n de \u201cuna bater\u00eda de auto\u201d para el sost\u00e9n permanente de este servicio Por Jorge G\u00f3mez Ha vuelto a estar operativa desde este viernes 20 de enero la p\u00e1gina del Radio Club de Necochea, con el link que informa la situaci\u00f3n clim\u00e1tica al momento de [&hellip;]<\/p>\n","protected":false},"author":3,"featured_media":96915,"comment_status":"closed","ping_status":"closed","sticky":false,"template":"","format":"standard","meta":{"footnotes":""},"categories":[3],"tags":[],"class_list":["post-96914","post","type-post","status-publish","format-standard","has-post-thumbnail","category-masnoticias"],"_links":{"self":[{"href":"https:\/\/primicias2262.com\/noticias\/wp-json\/wp\/v2\/posts\/96914","targetHints":{"allow":["GET"]}}],"collection":[{"href":"https:\/\/primicias2262.com\/noticias\/wp-json\/wp\/v2\/posts"}],"about":[{"href":"https:\/\/primicias2262.com\/noticias\/wp-json\/wp\/v2\/types\/post"}],"author":[{"embeddable":true,"href":"https:\/\/primicias2262.com\/noticias\/wp-json\/wp\/v2\/users\/3"}],"replies":[{"embeddable":true,"href":"https:\/\/primicias2262.com\/noticias\/wp-json\/wp\/v2\/comments?post=96914"}],"version-history":[{"count":0,"href":"https:\/\/primicias2262.com\/noticias\/wp-json\/wp\/v2\/posts\/96914\/revisions"}],"wp:attachment":[{"href":"https:\/\/primicias2262.com\/noticias\/wp-json\/wp\/v2\/media?parent=96914"}],"wp:term":[{"taxonomy":"category","embeddable":true,"href":"https:\/\/primicias2262.com\/noticias\/wp-json\/wp\/v2\/categories?post=96914"},{"taxonomy":"post_tag","embeddable":true,"href":"https:\/\/primicias2262.com\/noticias\/wp-json\/wp\/v2\/tags?post=96914"}],"curies":[{"name":"wp","href":"https:\/\/api.w.org\/{rel}","templated":true}]}}