{"id":96917,"date":"2023-01-20T13:50:44","date_gmt":"2023-01-20T16:50:44","guid":{"rendered":"https:\/\/primicias2262.com\/?p=96917"},"modified":"2023-01-20T13:50:44","modified_gmt":"2023-01-20T16:50:44","slug":"voces-de-la-ciudad-se-toma-una-semana-de-vacaciones","status":"publish","type":"post","link":"https:\/\/primicias2262.com\/noticias\/voces-de-la-ciudad-se-toma-una-semana-de-vacaciones\/","title":{"rendered":"Voces de la Ciudad se toma una semana de vacaciones"},"content":{"rendered":"<p><strong>El programa de radio Voces de la Ciudad, que se emite por Vinilo FM 103.5 Mhz, se tomar\u00e1 una semana de descanso entre este pr\u00f3ximo lunes 23 hasta el venidero viernes 27 de enero, en lo que se conoce como cuarta semana de las presentes vacaciones de verano, coincidiendo con la inactividad escolar de enero y la feria judicial, ente otras actividades que tienen menguadas sus labores.<\/strong><\/p>\n<p>El aludido magazine informativo que ocupa la primera y buena parte de la semana ma\u00f1ana informativa de radio en Necochea y Quequ\u00e9n har\u00e1 por lo tanto una pausa, en una suerte de esperado reposo de la totalidad de quienes son parte de la propuesta.<\/p>\n<p>Se recuerda que el programa Voces de la Ciudad es conducido por el periodista Jorge G\u00f3mez y cuenta con la colaboraci\u00f3n de Daniel Gonz\u00e1lez, Marita Maranchelli, Eloy Casares, Jer\u00f3nimo Franceschini, Daniel Chirichigno, y Hugo Arroyo, con el aporte de colaboradores como el respetado colega Hugo Moller -conductor y editor de El Ciudadano- y la debutante cronista Patricia Caravone.<\/p>\n<p>Tras este citado intervalo de cinco d\u00edas de silencio de radio se volver\u00e1 a brindar tal servicio radial a partir del pr\u00f3ximo lunes 30 de enero.<\/p>\n<p><a href=\"https:\/\/primicias2262.com\/wp-content\/uploads\/2023\/01\/voces-afiche-desde-adelante-scaled.jpg\"><img loading=\"lazy\" decoding=\"async\" class=\"aligncenter size-large wp-image-96918\" src=\"https:\/\/primicias2262.com\/wp-content\/uploads\/2023\/01\/voces-afiche-desde-adelante-1024x631.jpg\" alt=\"\" width=\"696\" height=\"429\" \/><\/a><\/p>\n<p>Voces de la Ciudad -que redujo durante las primeras tres semanas de enero su tiempo de radio, estando en el aire de 7 a 9.30- se recuerda que se emite de 7 a 11 de la ma\u00f1ana a trav\u00e9s de la se\u00f1al de Vinilo FM 103.5 Mhz, y tambi\u00e9n se lo puede escuchar accediendo a la web con el mismo nombre del programa, y en el de Vinilo FM y en el de Voces de Necochea, como as\u00ed a trav\u00e9s de los muros en Facebook live de Voces de la Ciudad, Primicias 2262 y de Jorge G\u00f3mez.<\/p>\n","protected":false},"excerpt":{"rendered":"<p>El programa de radio Voces de la Ciudad, que se emite por Vinilo FM 103.5 Mhz, se tomar\u00e1 una semana de descanso entre este pr\u00f3ximo lunes 23 hasta el venidero viernes 27 de enero, en lo que se conoce como cuarta semana de las presentes vacaciones de verano, coincidiendo con la inactividad escolar de enero [&hellip;]<\/p>\n","protected":false},"author":3,"featured_media":96919,"comment_status":"closed","ping_status":"closed","sticky":false,"template":"","format":"standard","meta":{"footnotes":""},"categories":[3],"tags":[],"class_list":["post-96917","post","type-post","status-publish","format-standard","has-post-thumbnail","category-masnoticias"],"_links":{"self":[{"href":"https:\/\/primicias2262.com\/noticias\/wp-json\/wp\/v2\/posts\/96917","targetHints":{"allow":["GET"]}}],"collection":[{"href":"https:\/\/primicias2262.com\/noticias\/wp-json\/wp\/v2\/posts"}],"about":[{"href":"https:\/\/primicias2262.com\/noticias\/wp-json\/wp\/v2\/types\/post"}],"author":[{"embeddable":true,"href":"https:\/\/primicias2262.com\/noticias\/wp-json\/wp\/v2\/users\/3"}],"replies":[{"embeddable":true,"href":"https:\/\/primicias2262.com\/noticias\/wp-json\/wp\/v2\/comments?post=96917"}],"version-history":[{"count":0,"href":"https:\/\/primicias2262.com\/noticias\/wp-json\/wp\/v2\/posts\/96917\/revisions"}],"wp:attachment":[{"href":"https:\/\/primicias2262.com\/noticias\/wp-json\/wp\/v2\/media?parent=96917"}],"wp:term":[{"taxonomy":"category","embeddable":true,"href":"https:\/\/primicias2262.com\/noticias\/wp-json\/wp\/v2\/categories?post=96917"},{"taxonomy":"post_tag","embeddable":true,"href":"https:\/\/primicias2262.com\/noticias\/wp-json\/wp\/v2\/tags?post=96917"}],"curies":[{"name":"wp","href":"https:\/\/api.w.org\/{rel}","templated":true}]}}