{"id":96932,"date":"2023-01-20T14:16:26","date_gmt":"2023-01-20T17:16:26","guid":{"rendered":"https:\/\/primicias2262.com\/?p=96932"},"modified":"2023-01-20T14:16:26","modified_gmt":"2023-01-20T17:16:26","slug":"se-puso-en-funcionamiento-la-nueva-iluminacion-en-costa-bonita","status":"publish","type":"post","link":"https:\/\/primicias2262.com\/noticias\/se-puso-en-funcionamiento-la-nueva-iluminacion-en-costa-bonita\/","title":{"rendered":"Se puso en funcionamiento la nueva iluminaci\u00f3n en Costa Bonita"},"content":{"rendered":"<p>El municipio sigue adelante con la modernizaci\u00f3n en iluminaci\u00f3n de las diferentes localidades y barrios del distrito y este jueves por la noche qued\u00f3 inaugurado el nuevo sistema Led en Costa Bonita con el encendido de 14 nuevas luminarias de 250W sobre la Avenida mar\u00edtima \u201cMario Conte\u201d.<\/p>\n<p>Tras la conexi\u00f3n efectuada por la Usina Popular Cooperativa, de esta manera se lleg\u00f3 al \u00faltimo eslab\u00f3n para dotar de una moderna iluminaci\u00f3n a la localidad quequenense. Se recuerda que en el procedimiento hasta que se encendi\u00f3 la luz el operativo fue llevado adelante por la empresa RG Servicios SRL, con fondos propios de la comuna, y const\u00f3 de una etapa de perforaci\u00f3n del suelo y la posterior colocaci\u00f3n de nuevas columnas PRFV de nueve metros en reemplazo de las viejas de hormig\u00f3n que estaban muy deterioradas.<\/p>\n<p><a href=\"https:\/\/primicias2262.com\/wp-content\/uploads\/2023\/01\/FOTO-luz-Led-Costa-Bonita2.jpeg\"><img loading=\"lazy\" decoding=\"async\" class=\"aligncenter size-large wp-image-96934\" src=\"https:\/\/primicias2262.com\/wp-content\/uploads\/2023\/01\/FOTO-luz-Led-Costa-Bonita2-1024x478.jpeg\" alt=\"\" width=\"696\" height=\"325\" \/><\/a><\/p>\n<p>En Costa Bonita el Ejecutivo decidi\u00f3 priorizar en su proyecci\u00f3n lum\u00ednica distrital la incorporaci\u00f3n de estos aparatos para dotar de mayor seguridad al lugar y transformarlo en un atractivo que tambi\u00e9n se pueda disfrutar cuando comienza a caer el sol.<\/p>\n<p>&nbsp;<\/p>\n","protected":false},"excerpt":{"rendered":"<p>El municipio sigue adelante con la modernizaci\u00f3n en iluminaci\u00f3n de las diferentes localidades y barrios del distrito y este jueves por la noche qued\u00f3 inaugurado el nuevo sistema Led en Costa Bonita con el encendido de 14 nuevas luminarias de 250W sobre la Avenida mar\u00edtima \u201cMario Conte\u201d. Tras la conexi\u00f3n efectuada por la Usina Popular [&hellip;]<\/p>\n","protected":false},"author":3,"featured_media":96933,"comment_status":"closed","ping_status":"closed","sticky":false,"template":"","format":"standard","meta":{"footnotes":""},"categories":[3],"tags":[],"class_list":["post-96932","post","type-post","status-publish","format-standard","has-post-thumbnail","category-masnoticias"],"_links":{"self":[{"href":"https:\/\/primicias2262.com\/noticias\/wp-json\/wp\/v2\/posts\/96932","targetHints":{"allow":["GET"]}}],"collection":[{"href":"https:\/\/primicias2262.com\/noticias\/wp-json\/wp\/v2\/posts"}],"about":[{"href":"https:\/\/primicias2262.com\/noticias\/wp-json\/wp\/v2\/types\/post"}],"author":[{"embeddable":true,"href":"https:\/\/primicias2262.com\/noticias\/wp-json\/wp\/v2\/users\/3"}],"replies":[{"embeddable":true,"href":"https:\/\/primicias2262.com\/noticias\/wp-json\/wp\/v2\/comments?post=96932"}],"version-history":[{"count":0,"href":"https:\/\/primicias2262.com\/noticias\/wp-json\/wp\/v2\/posts\/96932\/revisions"}],"wp:attachment":[{"href":"https:\/\/primicias2262.com\/noticias\/wp-json\/wp\/v2\/media?parent=96932"}],"wp:term":[{"taxonomy":"category","embeddable":true,"href":"https:\/\/primicias2262.com\/noticias\/wp-json\/wp\/v2\/categories?post=96932"},{"taxonomy":"post_tag","embeddable":true,"href":"https:\/\/primicias2262.com\/noticias\/wp-json\/wp\/v2\/tags?post=96932"}],"curies":[{"name":"wp","href":"https:\/\/api.w.org\/{rel}","templated":true}]}}