{"id":96976,"date":"2023-01-23T12:20:28","date_gmt":"2023-01-23T15:20:28","guid":{"rendered":"https:\/\/primicias2262.com\/?p=96976"},"modified":"2023-01-23T12:20:28","modified_gmt":"2023-01-23T15:20:28","slug":"pablo-nosek-y-mariano-valiante-junto-a-javier-milei","status":"publish","type":"post","link":"https:\/\/primicias2262.com\/noticias\/pablo-nosek-y-mariano-valiante-junto-a-javier-milei\/","title":{"rendered":"Pablo Nosek y Mariano Valiante junto a Javier Milei"},"content":{"rendered":"<p><strong>Por Jorge G\u00f3mez<\/strong><\/p>\n<p><a href=\"https:\/\/primicias2262.com\/wp-content\/uploads\/2021\/08\/Gomez.jpg\"><img loading=\"lazy\" decoding=\"async\" class=\"alignleft size-thumbnail wp-image-80409\" src=\"https:\/\/primicias2262.com\/wp-content\/uploads\/2021\/08\/Gomez-150x150.jpg\" alt=\"\" width=\"150\" height=\"150\" \/><\/a>Pablo Nosek, de Valores para mi Pa\u00eds, se anotar\u00eda como precandidato a intendente de Necochea en nombre del aspirante a la Presidencia, el diputado Milei. Junto al armador local del espacio de este \u00faltimo, Mariano Valiante, tomaron parte de un encuentro en Mar del Plata y posaron en la foto adjunta.<\/p>\n<p>Un texto informando del tema se conoci\u00f3 esta noche de 22 de enero:<\/p>\n<p>\u201cEl diputado Javier Milei visito el local partidario de la Libertad Avanza en Mar del plata acompa\u00f1ado por los referentes de la quinta secci\u00f3n electoral.<\/p>\n<p>Fue recibido por los anfitriones Juliana Santillan, Alejandro Carrancio (concejal de mdp) Sebastian Pareja, armador provincial y Carlos kikuchi, coordinador Nacional del espacio . De nuestro distrito participaron Mariano Valiante, coordinador de nuestra ciudad y Pablo Nosek.<\/p>\n<p>De dicha reunion trascendio que el maximo referente de Valores para mi Pa\u00eds se suma al espacio con serias\u00a0 perspectivas de ser pre candidato a Intendente por La Libertad Avanza en nuestro distrito.<\/p>\n<p>Tambi\u00e9n en una breve charla con Javier Milei, Valiante y Nosek lo invitaron a vecitar nuestra ciudad.<\/p>\n<p>Luego partieron desde el local hacia la tradicional caminata por la peatonal marplatense\u201d.<\/p>\n","protected":false},"excerpt":{"rendered":"<p>Por Jorge G\u00f3mez Pablo Nosek, de Valores para mi Pa\u00eds, se anotar\u00eda como precandidato a intendente de Necochea en nombre del aspirante a la Presidencia, el diputado Milei. Junto al armador local del espacio de este \u00faltimo, Mariano Valiante, tomaron parte de un encuentro en Mar del Plata y posaron en la foto adjunta. Un [&hellip;]<\/p>\n","protected":false},"author":3,"featured_media":96977,"comment_status":"closed","ping_status":"closed","sticky":false,"template":"","format":"standard","meta":{"footnotes":""},"categories":[3],"tags":[],"class_list":["post-96976","post","type-post","status-publish","format-standard","has-post-thumbnail","category-masnoticias"],"_links":{"self":[{"href":"https:\/\/primicias2262.com\/noticias\/wp-json\/wp\/v2\/posts\/96976","targetHints":{"allow":["GET"]}}],"collection":[{"href":"https:\/\/primicias2262.com\/noticias\/wp-json\/wp\/v2\/posts"}],"about":[{"href":"https:\/\/primicias2262.com\/noticias\/wp-json\/wp\/v2\/types\/post"}],"author":[{"embeddable":true,"href":"https:\/\/primicias2262.com\/noticias\/wp-json\/wp\/v2\/users\/3"}],"replies":[{"embeddable":true,"href":"https:\/\/primicias2262.com\/noticias\/wp-json\/wp\/v2\/comments?post=96976"}],"version-history":[{"count":0,"href":"https:\/\/primicias2262.com\/noticias\/wp-json\/wp\/v2\/posts\/96976\/revisions"}],"wp:attachment":[{"href":"https:\/\/primicias2262.com\/noticias\/wp-json\/wp\/v2\/media?parent=96976"}],"wp:term":[{"taxonomy":"category","embeddable":true,"href":"https:\/\/primicias2262.com\/noticias\/wp-json\/wp\/v2\/categories?post=96976"},{"taxonomy":"post_tag","embeddable":true,"href":"https:\/\/primicias2262.com\/noticias\/wp-json\/wp\/v2\/tags?post=96976"}],"curies":[{"name":"wp","href":"https:\/\/api.w.org\/{rel}","templated":true}]}}