{"id":97009,"date":"2023-01-24T13:24:55","date_gmt":"2023-01-24T16:24:55","guid":{"rendered":"https:\/\/primicias2262.com\/?p=97009"},"modified":"2023-01-24T13:24:55","modified_gmt":"2023-01-24T16:24:55","slug":"con-exito-y-numerosa-concurrencia-se-desarrollo-el-festival-literario-raices-de-mi-tierra","status":"publish","type":"post","link":"https:\/\/primicias2262.com\/noticias\/con-exito-y-numerosa-concurrencia-se-desarrollo-el-festival-literario-raices-de-mi-tierra\/","title":{"rendered":"Con \u00e9xito y numerosa concurrencia se desarroll\u00f3 el Festival Literario \u00abRa\u00edces de mi tierra\u00bb"},"content":{"rendered":"<p><strong>El pasado viernes 13, s\u00e1bado 14 y domingo 15 de enero, se llev\u00f3 adelante, con gran concurrencia de p\u00fablico, el 7\u00b0 Festival Literario Internacional y el 1\u00b0 Festival Literario Internacional Plumas Libres de Luque, Paraguay. Este evento de gran trascendencia se desarroll\u00f3 en el marco del 9\u00b0 Aniversario de la creaci\u00f3n del Museo Casa del Faro de Quequ\u00e9n.<\/strong><\/p>\n<p>Cont\u00f3 con la participaci\u00f3n destacada de una delegaci\u00f3n de integrantes de Plumas Libres Luque Paraguay, formada por ni\u00f1os, j\u00f3venes y adultos, quienes desarrollaron la tem\u00e1tica de las costumbres de su tierra \u201cChe ret\u00e3, \u00d1ande mbae, Paraguay.\u201d Tambi\u00e9n, se realiz\u00f3 una ponencia sobre \u201cNe\u2019enga\u201d, esdecir, frases que se pasan de boca en boca, a modo de proverbios o refranes.<\/p>\n<p>Participaron de manera presencial en la presentaci\u00f3n de sus libros, escritores internacionales y nacionales:<\/p>\n<ul>\n<li>Ilmar Antonio Auth, escritor brasile\u00f1o, con m\u00e1s de 60 libros en su haber, quien en esta ocasi\u00f3n present\u00f3 \u201cFALANDO DE M\u00daSICA\u201d, una serie de cr\u00f3nicas de su experiencia con la m\u00fasica.<\/li>\n<li>Juli\u00e1n Fiscina, necochense, actualmente viviendo en Mar del Plata, present\u00f3 su primer poemario que gira en torno a las ra\u00edces familiares, \u201cLAS GAVIOTAS\u201d.<\/li>\n<li>Roque M\u00e9ndez, quequenense que present\u00f3 su primer libro \u201cLIBRANDO SILENCIOS\u201d. Incluye palabras que cuentan, palabras que juegan y palabras que cantan.<\/li>\n<li>Nicasio D\u00edaz Llanos y \u00c1ngeles Espinosa, realizaron una pre-presentaci\u00f3n de lo que ser\u00e1 el libro \u201c70 A\u00d1OS EN EL ARTE\u201d. La rica historia del artista pl\u00e1stico plasmada en este libro.<\/li>\n<li>Mar\u00eda Amelia Dinova Castro. En su descripci\u00f3n po\u00e9tica, su mirada sobre las emociones y los actos, los hechos y las convulsiones sociales, todo esto volcado en su libro \u201cMADRE TIERRA\u201d (Mercedes, Pcia. de Bs. As.)<\/li>\n<li>Ang\u00e9lica Maschio, de San Lorenzo, Paraguay, hoy viviendo en Merlo, Pcia. de Bs. As. Con m\u00e1s de una docena de libros, en esta oportunidad present\u00f3 sus m\u00e1s recientes: \u00abCUENTOS DE UNA NI\u00d1A DE PARAGUAY\u00bb -\u00abVALIENTES\u00bb-\u00abEL CLARO OSCURO DE LA VIDA\u00bb Y \u201cM\u00c1GICOS DESTELLOS\u201d<\/li>\n<li>Liz Colman, de Luque, Paraguay, docente, escritora, poetiza, gestora cultural, mentora y fundadora de la Agrupaci\u00f3n Literaria Plumas Libres Luque Paraguay, embajadora Cultural de Arte Po\u00e9tica Latinoamericana en su pa\u00eds, es representante por Paraguay en la lengua guaran\u00ed en el marco INTERNACIONAL DE LA LENGUA MADRE Par\u00eds, Francia. En la jornada del festival, present\u00f3 diversos poemas de su autor\u00eda y pertenecientes al libro ANTOLOG\u00cdA BILING\u00dcE ESPA\u00d1OL-GUARAN\u00cd \u201cPLUMAS LIBRES ORIGINARIAS LATINOAMERICANAS\u201d.<\/li>\n<li>\u00c1ngeles Espinosa, de Goya, Corrientes, actualmente radicada en Mar del Plata. Asistente directa del artista Nicasio D\u00edaz Llanos, co-fundadora del Museo Casa del Faro, gestora cultural, escritora, artista pl\u00e1stica, ilustradora, muralista, ceramista y promotora incansable de la cultura quequenense, present\u00f3 su m\u00e1s reciente libro \u201cMOLOTOV\u201d poes\u00eda, inspirada en la cruenta guerra entre Ucrania y Rusia. La autora, tambi\u00e9n present\u00f3 \u201cRA\u00cdCES MARCHIGIANAS\u201d de la Asociaci\u00f3n Famiglia Marchigiana de Necochea, en la que particip\u00f3 como compiladora de las historias que cuentan c\u00f3mo los marchigianos llegaron a tierras argentinas.<\/li>\n<li>Julio Cesar Jara Cabral, de Juan Pedro, Paraguay, realiz\u00f3 una serie de declamaciones recitando sobre la mujer paraguaya, el amor a su bandera y a su pa\u00eds.<\/li>\n<li>Aureliano Barros, autor del documental <em>Lober\u00eda, cuna de la Arqueolog\u00eda Pampeana, <\/em>el cual fue proyectado para el p\u00fablico durante la jornada del d\u00eda s\u00e1bado.<\/li>\n<\/ul>\n<p>Por otra parte, participaron de forma virtual<\/p>\n<ul>\n<li>Juan Ignacio Cattay, de Goya, Corrientes, Estudiante de Cs. de la Educaci\u00f3n y capacitador en idioma guaran\u00ed. Con un video en donde explica sobre \u201cEl guaran\u00ed del Tarag\u00fc\u00ed.<\/li>\n<li>Paul Atangana Atangana &#8211; Camer\u00fan, \u00c1frica. Que, con un perfecto espa\u00f1ol, realiz\u00f3 su saludo y recit\u00f3 un poema sobre la Libertad, de su propia autor\u00eda.<\/li>\n<\/ul>\n<p>Cabe destacar que la Junta Municipal de Caaguaz\u00fa, Paraguay, (Ubicada a 180 km de Asunci\u00f3n) declar\u00f3 este evento de Inter\u00e9s Educativo Distrital bajo la Resoluci\u00f3n N\u00b0 615\/2023, promovida est\u00e1 menci\u00f3n por el Sr. Hugo R. Samudio Vera, concejal de dicho Municipio, quien tambi\u00e9n particip\u00f3 presencialmente en la jornada del d\u00eda 15 compartiendo algunos de sus poemas. En este sentido, el Municipio del Partido de Necochea lo declar\u00f3 de Inter\u00e9s Municipal bajo el expediente N\u00b0 292\/23.<\/p>\n<p>Con la participaci\u00f3n del Bibliom\u00f3vil, gestionado por la Biblioteca Municipal Andr\u00e9s Ferreyra a cargo del Sr. Alberto Franco, se llev\u00f3 adelante el taller literario, coordinado por el Sr. Arturo Serrano, quien luego del taller organiz\u00f3 los escritos en un libro digital llamado \u201cMismidades\u201d, todo esto en el espacio Beach Garden de Monte Pasubio, ofrecido de manera gratuita por el Sr Charly Plana. Al mismo tiempo, las escritoras Ang\u00e9lica Maschio y Mar\u00eda Amelia Dinova Castro, deleitaron los o\u00eddos de los participantes con poemas en susurradores.<\/p>\n<p>Durante la segunda jornada del evento, se realiz\u00f3 la entrega de los galardones a quienes participaron del Concurso Literario \u201cRa\u00edces de mi tierra\u201d 2022. Entregando los premios tanto a las Poes\u00edas como a las Narrativas.<\/p>\n<p>Finalmente, en el \u00faltimo d\u00eda del evento, se vivi\u00f3 una jornada a puro chamam\u00e9 con la participaci\u00f3n de la Agrupaci\u00f3n Sentires de mi Tierra que brindaron a la audiencia sus coloridos bailes.<\/p>\n<p>Durante los tres d\u00edas no falt\u00f3 la comida t\u00edpica de origen guaran\u00edtico, zona Corrientes, Misiones, Paraguay y Brasil.<\/p>\n<p>En concordancia con las declaraciones de la UNESCO que en su Art\u00edculo 7 manifiesta: \u00abEl patrimonio cultural, fuente de creatividad\u201d. \u201cLa creatividad tiene sus or\u00edgenes en las tradiciones culturales, pero se desarrolla plenamente en contacto con otras culturas. Por esta raz\u00f3n el patrimonio, en todas sus formas, debe preservarse, valorizarse y transmitirse a las generaciones futuras como testimonio de la experiencia y aspiraciones humanas, a fin de estimular la creatividad en toda su diversidad e inspirar un verdadero di\u00e1logo entre culturas.<\/p>\n<p>Por todo lo ante dicho, el Festival Literario Internacional y Pluricultural \u201cRA\u00cdCES DE MI TIERRA\u201d, destaca la integraci\u00f3n de las culturas en uso de las diversidades ling\u00fc\u00edsticas, en este caso el idioma castellano, el guaran\u00ed y el portugu\u00e9s como medio de unidad universal.<\/p>\n","protected":false},"excerpt":{"rendered":"<p>El pasado viernes 13, s\u00e1bado 14 y domingo 15 de enero, se llev\u00f3 adelante, con gran concurrencia de p\u00fablico, el 7\u00b0 Festival Literario Internacional y el 1\u00b0 Festival Literario Internacional Plumas Libres de Luque, Paraguay. Este evento de gran trascendencia se desarroll\u00f3 en el marco del 9\u00b0 Aniversario de la creaci\u00f3n del Museo Casa del [&hellip;]<\/p>\n","protected":false},"author":3,"featured_media":97010,"comment_status":"closed","ping_status":"closed","sticky":false,"template":"","format":"standard","meta":{"footnotes":""},"categories":[3],"tags":[],"class_list":["post-97009","post","type-post","status-publish","format-standard","has-post-thumbnail","category-masnoticias"],"_links":{"self":[{"href":"https:\/\/primicias2262.com\/noticias\/wp-json\/wp\/v2\/posts\/97009","targetHints":{"allow":["GET"]}}],"collection":[{"href":"https:\/\/primicias2262.com\/noticias\/wp-json\/wp\/v2\/posts"}],"about":[{"href":"https:\/\/primicias2262.com\/noticias\/wp-json\/wp\/v2\/types\/post"}],"author":[{"embeddable":true,"href":"https:\/\/primicias2262.com\/noticias\/wp-json\/wp\/v2\/users\/3"}],"replies":[{"embeddable":true,"href":"https:\/\/primicias2262.com\/noticias\/wp-json\/wp\/v2\/comments?post=97009"}],"version-history":[{"count":0,"href":"https:\/\/primicias2262.com\/noticias\/wp-json\/wp\/v2\/posts\/97009\/revisions"}],"wp:attachment":[{"href":"https:\/\/primicias2262.com\/noticias\/wp-json\/wp\/v2\/media?parent=97009"}],"wp:term":[{"taxonomy":"category","embeddable":true,"href":"https:\/\/primicias2262.com\/noticias\/wp-json\/wp\/v2\/categories?post=97009"},{"taxonomy":"post_tag","embeddable":true,"href":"https:\/\/primicias2262.com\/noticias\/wp-json\/wp\/v2\/tags?post=97009"}],"curies":[{"name":"wp","href":"https:\/\/api.w.org\/{rel}","templated":true}]}}