{"id":97012,"date":"2023-01-24T13:33:11","date_gmt":"2023-01-24T16:33:11","guid":{"rendered":"https:\/\/primicias2262.com\/?p=97012"},"modified":"2023-01-24T13:33:11","modified_gmt":"2023-01-24T16:33:11","slug":"el-movil-de-renaper-permanecera-en-necochea-hasta-el-12-de-febrero","status":"publish","type":"post","link":"https:\/\/primicias2262.com\/noticias\/el-movil-de-renaper-permanecera-en-necochea-hasta-el-12-de-febrero\/","title":{"rendered":"El m\u00f3vil de ReNaPer permanecer\u00e1 en Necochea hasta el 12 de febrero"},"content":{"rendered":"<p><strong>Se encuentra apostado en 2 y 83 y realiza tr\u00e1mites de DNI, Pasaportes y Certificado de Pre-Identificaci\u00f3n.<\/strong><\/p>\n<p>Desde el lunes de esta semana y hasta el domingo 12 de febrero, se encuentra en la ciudad un m\u00f3vil del Registro Nacional de las Personas, que permanecer\u00e1 apostado en el sector de la Rambla municipal, en 2 y 83.<\/p>\n<p>Durante este operativo de verano en Necochea, la oficina itinerante del Ministerio del Interior de la Naci\u00f3n atiende todos los d\u00edas de 9 a 13 y de 17 a 21, y se pueden realizar tr\u00e1mites de DNI, Pasaportes y Certificado de Pre-Identificaci\u00f3n.<\/p>\n","protected":false},"excerpt":{"rendered":"<p>Se encuentra apostado en 2 y 83 y realiza tr\u00e1mites de DNI, Pasaportes y Certificado de Pre-Identificaci\u00f3n. Desde el lunes de esta semana y hasta el domingo 12 de febrero, se encuentra en la ciudad un m\u00f3vil del Registro Nacional de las Personas, que permanecer\u00e1 apostado en el sector de la Rambla municipal, en 2 [&hellip;]<\/p>\n","protected":false},"author":3,"featured_media":97013,"comment_status":"closed","ping_status":"closed","sticky":false,"template":"","format":"standard","meta":{"footnotes":""},"categories":[3],"tags":[],"class_list":["post-97012","post","type-post","status-publish","format-standard","has-post-thumbnail","category-masnoticias"],"_links":{"self":[{"href":"https:\/\/primicias2262.com\/noticias\/wp-json\/wp\/v2\/posts\/97012","targetHints":{"allow":["GET"]}}],"collection":[{"href":"https:\/\/primicias2262.com\/noticias\/wp-json\/wp\/v2\/posts"}],"about":[{"href":"https:\/\/primicias2262.com\/noticias\/wp-json\/wp\/v2\/types\/post"}],"author":[{"embeddable":true,"href":"https:\/\/primicias2262.com\/noticias\/wp-json\/wp\/v2\/users\/3"}],"replies":[{"embeddable":true,"href":"https:\/\/primicias2262.com\/noticias\/wp-json\/wp\/v2\/comments?post=97012"}],"version-history":[{"count":0,"href":"https:\/\/primicias2262.com\/noticias\/wp-json\/wp\/v2\/posts\/97012\/revisions"}],"wp:attachment":[{"href":"https:\/\/primicias2262.com\/noticias\/wp-json\/wp\/v2\/media?parent=97012"}],"wp:term":[{"taxonomy":"category","embeddable":true,"href":"https:\/\/primicias2262.com\/noticias\/wp-json\/wp\/v2\/categories?post=97012"},{"taxonomy":"post_tag","embeddable":true,"href":"https:\/\/primicias2262.com\/noticias\/wp-json\/wp\/v2\/tags?post=97012"}],"curies":[{"name":"wp","href":"https:\/\/api.w.org\/{rel}","templated":true}]}}