{"id":97016,"date":"2023-01-24T13:42:17","date_gmt":"2023-01-24T16:42:17","guid":{"rendered":"https:\/\/primicias2262.com\/?p=97016"},"modified":"2023-01-24T13:42:17","modified_gmt":"2023-01-24T16:42:17","slug":"tango-y-pintura-algunas-de-las-propuestas-del-bibliomovil-para-esta-semana","status":"publish","type":"post","link":"https:\/\/primicias2262.com\/noticias\/tango-y-pintura-algunas-de-las-propuestas-del-bibliomovil-para-esta-semana\/","title":{"rendered":"Tango y pintura, algunas de las propuestas del Bibliom\u00f3vil para esta semana"},"content":{"rendered":"<p><strong>El CCN\/BPAF informa que el Bibliom\u00f3vil contin\u00faa con sus actividades en la ciudad y la regi\u00f3n. De esta manera, este martes 24 a partir de las 18:00 horas, estar\u00e1 en Puerto Gardella con \u201cDibujos a babor\u201d. Ilustraciones al paso con la presencia del artista Mariano Oholeguy, quien invitar\u00e1 a sumergirse en una variante de pinturas donde la imagen en cuesti\u00f3n, propondr\u00e1 diversas interpretaciones que depender\u00e1n del espectador.<\/strong><\/p>\n<p>En tanto, el mi\u00e9rcoles 25 participar\u00e1 de la jornada de Escuelas Abiertas de Verano que funciona en la Escuela Primaria N\u00b0 47 \u201cAlmafuerte\u201d, ubicada en el barrio Villa Zabala (149 entre 60 y 62). La actividad se realizar\u00e1 en el marco de Promoci\u00f3n de la lectura.<\/p>\n<p>Mientras que el jueves 26 el Bibliom\u00f3vil estar\u00e1 en peatonal 83 desde las 18:00 horas. Habr\u00e1 clase abierta de tango, a cargo de los profesores Agustina Russo y Mat\u00edas Alvarez (@tango.intinerante) para todas las edades. No es necesario tener conocimientos previos ni asistir en pareja.<\/p>\n<p>Se solicita concurrir con calzado c\u00f3modo.<\/p>\n<p>El Bibliom\u00f3vil lleg\u00f3 a Necochea en articulaci\u00f3n del CCN\/BPAF con el Instituto Cultural de la Provincia de Buenos Aires, el programa Buenos Aires Lectora y CONABIP (Comisi\u00f3n Nacional de Bibliotecas Populares).<\/p>\n<p><a href=\"https:\/\/primicias2262.com\/wp-content\/uploads\/2023\/01\/puntodefuga8.jpg\"><img loading=\"lazy\" decoding=\"async\" class=\"aligncenter size-full wp-image-97018\" src=\"https:\/\/primicias2262.com\/wp-content\/uploads\/2023\/01\/puntodefuga8.jpg\" alt=\"\" width=\"758\" height=\"568\" \/><\/a><\/p>\n<p>Los recorridos surgen de un entramado institucional que se logr\u00f3 a trav\u00e9s de un trabajo articulado con nuestra Biblioteca Popular Andr\u00e9s Ferreyra.<\/p>\n<p>En este marco estuvo presente en Quequ\u00e9n, participando del Festival Literario Pluricultural Ra\u00edces de mi Tierra, tambi\u00e9n en la plaza de Villa del Deportista, en las escalinatas del Parque Miguel Lillo, y en el balneario de San Cayetano, entre otros lugares.<\/p>\n<p>Las actividades finalizar\u00e1n el 31 de marzo en un recorrido que incluye las localidades de la regi\u00f3n.<\/p>\n","protected":false},"excerpt":{"rendered":"<p>El CCN\/BPAF informa que el Bibliom\u00f3vil contin\u00faa con sus actividades en la ciudad y la regi\u00f3n. De esta manera, este martes 24 a partir de las 18:00 horas, estar\u00e1 en Puerto Gardella con \u201cDibujos a babor\u201d. Ilustraciones al paso con la presencia del artista Mariano Oholeguy, quien invitar\u00e1 a sumergirse en una variante de pinturas [&hellip;]<\/p>\n","protected":false},"author":3,"featured_media":97017,"comment_status":"closed","ping_status":"closed","sticky":false,"template":"","format":"standard","meta":{"footnotes":""},"categories":[3],"tags":[],"class_list":["post-97016","post","type-post","status-publish","format-standard","has-post-thumbnail","category-masnoticias"],"_links":{"self":[{"href":"https:\/\/primicias2262.com\/noticias\/wp-json\/wp\/v2\/posts\/97016","targetHints":{"allow":["GET"]}}],"collection":[{"href":"https:\/\/primicias2262.com\/noticias\/wp-json\/wp\/v2\/posts"}],"about":[{"href":"https:\/\/primicias2262.com\/noticias\/wp-json\/wp\/v2\/types\/post"}],"author":[{"embeddable":true,"href":"https:\/\/primicias2262.com\/noticias\/wp-json\/wp\/v2\/users\/3"}],"replies":[{"embeddable":true,"href":"https:\/\/primicias2262.com\/noticias\/wp-json\/wp\/v2\/comments?post=97016"}],"version-history":[{"count":0,"href":"https:\/\/primicias2262.com\/noticias\/wp-json\/wp\/v2\/posts\/97016\/revisions"}],"wp:attachment":[{"href":"https:\/\/primicias2262.com\/noticias\/wp-json\/wp\/v2\/media?parent=97016"}],"wp:term":[{"taxonomy":"category","embeddable":true,"href":"https:\/\/primicias2262.com\/noticias\/wp-json\/wp\/v2\/categories?post=97016"},{"taxonomy":"post_tag","embeddable":true,"href":"https:\/\/primicias2262.com\/noticias\/wp-json\/wp\/v2\/tags?post=97016"}],"curies":[{"name":"wp","href":"https:\/\/api.w.org\/{rel}","templated":true}]}}