{"id":97021,"date":"2023-01-24T13:55:04","date_gmt":"2023-01-24T16:55:04","guid":{"rendered":"https:\/\/primicias2262.com\/?p=97021"},"modified":"2023-01-24T13:55:04","modified_gmt":"2023-01-24T16:55:04","slug":"furno-y-la-iluminacion-en-costa-bonita-no-son-tareas-de-mantenimiento-sino-obras-totalmente-nuevas","status":"publish","type":"post","link":"https:\/\/primicias2262.com\/noticias\/furno-y-la-iluminacion-en-costa-bonita-no-son-tareas-de-mantenimiento-sino-obras-totalmente-nuevas\/","title":{"rendered":"Furno y la iluminaci\u00f3n en Costa Bonita: \u201cNo son tareas de mantenimiento, sino obras totalmente nuevas\u201d"},"content":{"rendered":"<p><strong>Ante algunas cr\u00edticas que gener\u00f3 el costo de la obra de la iluminaci\u00f3n Led en el paraje Costa Bonita (alrededor de dos millones y medio de pesos), el secretario de Planeamiento, Obras y Servicios P\u00fablicos, Adri\u00e1n Furno, aclar\u00f3 en una nota realizada por el periodista Jorge G\u00f3mez los pormenores del caso e invit\u00f3 a mirar los expedientes, de \u00e9sta y cualquier obra, en la Municipalidad.\u00a0<\/strong><\/p>\n<p>En el contexto de la puesta en funcionamiento de las 14 nuevas columnas de luz Led en Costa Bonita la semana anterior tras la conexi\u00f3n final de la Usina Popular Cooperativa, el secretario record\u00f3 que \u201cdentro de las obras de mejora de Costa Bonita, se hizo el entoscado de la 520, las mejoras de todas las calles internas, de parte del Ente Vial y de nosotros, y una de las obras que estaba solicitada por la gente de Costa Bonita en la Oficina M\u00f3vil era la iluminaci\u00f3n del sector costero, por lo que en agosto pasado se hizo un suministro para dotar de nuevo todo lo que era el sector de la costa con 14 columnas de PRFV, de alumbrado nuevas\u201d.<\/p>\n<p>\u201cYendo para Costa Bonita las luces estaban del lado del mar y ahora est\u00e1n del lado del continente pegado a las edificaciones\u201d, explic\u00f3 Furno, recordando que \u201cla iluminaci\u00f3n anterior ya no daba m\u00e1s, las columnas estaban podridas, hab\u00eda cables vandalizados y del lado del mar estaba inviable para ejecutarla, as\u00ed que se tuvo que hacer una obra nueva y gracias a Dios se pudo hacer, la Municipalidad la pag\u00f3, la empresa ya la cobr\u00f3 y ahora la pueden disfrutar los vecinos de Costa Bonita y los turistas\u201d.<\/p>\n<p><a href=\"https:\/\/primicias2262.com\/wp-content\/uploads\/2023\/01\/FOTO-luz-Led-Costa-Bonita2.jpeg\"><img loading=\"lazy\" decoding=\"async\" class=\"aligncenter size-large wp-image-96934\" src=\"https:\/\/primicias2262.com\/wp-content\/uploads\/2023\/01\/FOTO-luz-Led-Costa-Bonita2-1024x478.jpeg\" alt=\"\" width=\"696\" height=\"325\" \/><\/a>Camino a ello, \u201cse tuvo que hacer todo el relevamiento, la topograf\u00eda y la mensura, mandar a mojonar todos los lugares donde iban a ir las columnas nuevas, ya que no era una obra de reposici\u00f3n de l\u00e1mparas, si no que era una obra nueva como la del Paseo de la Ribera, y luego la obra en s\u00ed conllev\u00f3 columnas nuevas, tendido el\u00e9ctrico nuevo, la acometida al tendido, todo el sistema de encendido a trav\u00e9s de fotoc\u00e9lula, los tableros el\u00e9ctricos nuevos y la l\u00e1mpara propiamente dicha de 250 ww\u201d, enumer\u00f3.<\/p>\n<p>Finalmente, \u201cse puso el cableado por parte de la empresa y una vez que se culminaron esas tareas se gener\u00f3 el suministro para que la Usina haga la acometida, que es la conexi\u00f3n final que se le hace a la columna para dotarla de Energ\u00eda\u201d, acot\u00f3 Furno, no sin antes aclarar que se dio reci\u00e9n en enero porque \u201cla Usina viene con un mont\u00f3n de tareas en Necochea y Quequ\u00e9n, m\u00e1s todo los hechos de vandalismo que sufre por el robo de cables, y entonces ven\u00edan atrasados con un mont\u00f3n de trabajos\u2026 en el \u00faltimo tiempo estuvimos en contacto porque se ven\u00eda el verano y la idea era tenerlo lo antes posible y la semana pasada qued\u00f3 conectado\u201d.<\/p>\n<p><a href=\"https:\/\/primicias2262.com\/wp-content\/uploads\/2023\/01\/FOTO-luz-Led-Costa-Bonita.jpeg\"><img loading=\"lazy\" decoding=\"async\" class=\"aligncenter size-large wp-image-96933\" src=\"https:\/\/primicias2262.com\/wp-content\/uploads\/2023\/01\/FOTO-luz-Led-Costa-Bonita-1024x462.jpeg\" alt=\"\" width=\"696\" height=\"314\" \/><\/a>Por consiguiente, ante las cr\u00edticas que surgieron sobre el uso de los recursos, Furno aclar\u00f3 que \u201clos expedientes de todas las obras est\u00e1n en la Municipalidad para poder mirarlos para que no haya informaci\u00f3n mal intencionada. No se pag\u00f3 solo la l\u00e1mpara como se dice, sino la columna, el tablero, el cableado y todo lo nuevo que conlleva\u201d, y compar\u00f3 que \u201cfue lo mismo que la obra de la Ribera, por etapas, as\u00ed que para informar lo mejor yo dir\u00eda que es agarrar el expediente y leerlas porque son f\u00e1ciles de leer\u201d.<\/p>\n<p>Y cerr\u00f3 invitando a ir a la fuente: \u201cVas y revis\u00e1s el expediente, el cual tiene que pasar por todas las \u00e1reas de la Municipalidad, y antes de eso hay que hacer una licitaci\u00f3n a sobre cerrado donde hay un ganador que tiene que ejecutar\u201d, pero lo importante \u201ces que los vecinos ahora pueden disfrutar la luz en Costa Bonita, y no son tareas de mantenimiento, sino obras totalmente nuevas, tanto la de Costa Bonita como la del Paseo de la Ribera\u201d, afirm\u00f3 en el cierre.<\/p>\n","protected":false},"excerpt":{"rendered":"<p>Ante algunas cr\u00edticas que gener\u00f3 el costo de la obra de la iluminaci\u00f3n Led en el paraje Costa Bonita (alrededor de dos millones y medio de pesos), el secretario de Planeamiento, Obras y Servicios P\u00fablicos, Adri\u00e1n Furno, aclar\u00f3 en una nota realizada por el periodista Jorge G\u00f3mez los pormenores del caso e invit\u00f3 a mirar [&hellip;]<\/p>\n","protected":false},"author":3,"featured_media":96300,"comment_status":"closed","ping_status":"closed","sticky":false,"template":"","format":"standard","meta":{"footnotes":""},"categories":[3],"tags":[],"class_list":["post-97021","post","type-post","status-publish","format-standard","has-post-thumbnail","category-masnoticias"],"_links":{"self":[{"href":"https:\/\/primicias2262.com\/noticias\/wp-json\/wp\/v2\/posts\/97021","targetHints":{"allow":["GET"]}}],"collection":[{"href":"https:\/\/primicias2262.com\/noticias\/wp-json\/wp\/v2\/posts"}],"about":[{"href":"https:\/\/primicias2262.com\/noticias\/wp-json\/wp\/v2\/types\/post"}],"author":[{"embeddable":true,"href":"https:\/\/primicias2262.com\/noticias\/wp-json\/wp\/v2\/users\/3"}],"replies":[{"embeddable":true,"href":"https:\/\/primicias2262.com\/noticias\/wp-json\/wp\/v2\/comments?post=97021"}],"version-history":[{"count":0,"href":"https:\/\/primicias2262.com\/noticias\/wp-json\/wp\/v2\/posts\/97021\/revisions"}],"wp:attachment":[{"href":"https:\/\/primicias2262.com\/noticias\/wp-json\/wp\/v2\/media?parent=97021"}],"wp:term":[{"taxonomy":"category","embeddable":true,"href":"https:\/\/primicias2262.com\/noticias\/wp-json\/wp\/v2\/categories?post=97021"},{"taxonomy":"post_tag","embeddable":true,"href":"https:\/\/primicias2262.com\/noticias\/wp-json\/wp\/v2\/tags?post=97021"}],"curies":[{"name":"wp","href":"https:\/\/api.w.org\/{rel}","templated":true}]}}