{"id":97037,"date":"2023-01-25T13:54:00","date_gmt":"2023-01-25T16:54:00","guid":{"rendered":"https:\/\/primicias2262.com\/?p=97037"},"modified":"2023-01-25T13:54:00","modified_gmt":"2023-01-25T16:54:00","slug":"finalizan-las-escuelas-en-verano-2023-con-un-balance-mas-que-positivo","status":"publish","type":"post","link":"https:\/\/primicias2262.com\/noticias\/finalizan-las-escuelas-en-verano-2023-con-un-balance-mas-que-positivo\/","title":{"rendered":"Finalizan las \u201cEscuelas en Verano\u201d 2023 con un balance m\u00e1s que positivo"},"content":{"rendered":"<p><strong>El intendente Arturo Rojas, visit\u00f3 este mi\u00e9rcoles el Cef N\u00ba 76, una de las sedes de las \u201cEscuelas en Verano\u201d, programa que depende de la Direcci\u00f3n de Cultura y Educaci\u00f3n de la Provincia, coordinado en nuestra ciudad por el Consejo Escolar con el apoyo del municipio, y que este a\u00f1o reuni\u00f3 una matr\u00edcula r\u00e9cord de 1300 alumnos de las gestiones estatal y privada.<\/strong><\/p>\n<p>Habiendo iniciado el lunes 2 de enero, el presente ciclo de las Escuelas en Verano finaliza este viernes 27 de enero, aunque ante tanta cantidad de sedes (22) y alumnos se decidi\u00f3 desde la organizaci\u00f3n ir haciendo los cierres de forma paulatina durante esta \u00faltima semana.<\/p>\n<p>Este mi\u00e9rcoles le toc\u00f3 el cierre puntualmente a las seis sedes de Quequ\u00e9n, que se reunieron en el gimnasio del Cef. En compa\u00f1\u00eda del Intendente, se encontraban la Inspectora Jefa Distrital, Soledad Moreno; la presidenta del Consejo Escolar, Silvina Jensen, adem\u00e1s de consejeros y concejales; como as\u00ed de la directora de Educaci\u00f3n, Mariela Cellerino; y la coordinadora local de \u201cEscuelas en Verano\u201d, Vanesa Granero. Fueron las dos \u00faltimas precisamente las que brindaron un balance del programa.<\/p>\n<p><a href=\"https:\/\/primicias2262.com\/wp-content\/uploads\/2023\/01\/25-01-FOTO-cierre-Escuelas-en-Verano.jpg\"><img loading=\"lazy\" decoding=\"async\" class=\"aligncenter size-large wp-image-97039\" src=\"https:\/\/primicias2262.com\/wp-content\/uploads\/2023\/01\/25-01-FOTO-cierre-Escuelas-en-Verano-1024x576.jpg\" alt=\"\" width=\"696\" height=\"392\" \/><\/a>Primeramente, Cellerino habl\u00f3 de \u201cun mes intenso\u201d con las escuelas de verano y resalt\u00f3 el aporte del municipio a trav\u00e9s del transporte para que las sedes puedan llegar a espejos de agua. \u201cEste a\u00f1o fue impresionante la cantidad de chicos que se han sumado, lo cual implic\u00f3 tener m\u00e1s unidades de colectivos para que vayan y vengan por los alumnos, y as\u00ed ha sido el transcurso del mes\u201d, valor\u00f3 la funcionaria.<\/p>\n<p>Por su parte, Granero expres\u00f3 en esa misma l\u00ednea que \u201cla verdad es que este a\u00f1o fue incre\u00edble, tuvimos una matr\u00edcula de alrededor de 1300 chicos, con 22 sedes en el distrito, 12 de Necochea, seis de Quequ\u00e9n y las cuatro del interior\u201d, por ello \u201cno hacemos un d\u00eda de cierre sino que le llamamos semana de cierre, porque ya a partir del lunes vinieron La Dulce y Ram\u00f3n Santamarina a participar con las sedes de Quequ\u00e9n\u201d.<\/p>\n<p><a href=\"https:\/\/primicias2262.com\/wp-content\/uploads\/2023\/01\/25-01-FOTO-cierre-Escuelas-en-Verano-Cef.jpeg\"><img loading=\"lazy\" decoding=\"async\" class=\"aligncenter size-large wp-image-97038\" src=\"https:\/\/primicias2262.com\/wp-content\/uploads\/2023\/01\/25-01-FOTO-cierre-Escuelas-en-Verano-Cef-1024x682.jpeg\" alt=\"\" width=\"696\" height=\"464\" \/><\/a>La coordinadora no soslay\u00f3 que \u201ca trav\u00e9s del Consejo Escolar se sigui\u00f3 con el servicio alimentario y este a\u00f1o lo novedoso es que se propuso desayuno y almuerzo para todos los chicos, as\u00ed que el balance es m\u00e1s que positivo y estamos muy contentos\u201d.<\/p>\n","protected":false},"excerpt":{"rendered":"<p>El intendente Arturo Rojas, visit\u00f3 este mi\u00e9rcoles el Cef N\u00ba 76, una de las sedes de las \u201cEscuelas en Verano\u201d, programa que depende de la Direcci\u00f3n de Cultura y Educaci\u00f3n de la Provincia, coordinado en nuestra ciudad por el Consejo Escolar con el apoyo del municipio, y que este a\u00f1o reuni\u00f3 una matr\u00edcula r\u00e9cord de [&hellip;]<\/p>\n","protected":false},"author":3,"featured_media":97040,"comment_status":"closed","ping_status":"closed","sticky":false,"template":"","format":"standard","meta":{"footnotes":""},"categories":[3],"tags":[],"class_list":["post-97037","post","type-post","status-publish","format-standard","has-post-thumbnail","category-masnoticias"],"_links":{"self":[{"href":"https:\/\/primicias2262.com\/noticias\/wp-json\/wp\/v2\/posts\/97037","targetHints":{"allow":["GET"]}}],"collection":[{"href":"https:\/\/primicias2262.com\/noticias\/wp-json\/wp\/v2\/posts"}],"about":[{"href":"https:\/\/primicias2262.com\/noticias\/wp-json\/wp\/v2\/types\/post"}],"author":[{"embeddable":true,"href":"https:\/\/primicias2262.com\/noticias\/wp-json\/wp\/v2\/users\/3"}],"replies":[{"embeddable":true,"href":"https:\/\/primicias2262.com\/noticias\/wp-json\/wp\/v2\/comments?post=97037"}],"version-history":[{"count":0,"href":"https:\/\/primicias2262.com\/noticias\/wp-json\/wp\/v2\/posts\/97037\/revisions"}],"wp:attachment":[{"href":"https:\/\/primicias2262.com\/noticias\/wp-json\/wp\/v2\/media?parent=97037"}],"wp:term":[{"taxonomy":"category","embeddable":true,"href":"https:\/\/primicias2262.com\/noticias\/wp-json\/wp\/v2\/categories?post=97037"},{"taxonomy":"post_tag","embeddable":true,"href":"https:\/\/primicias2262.com\/noticias\/wp-json\/wp\/v2\/tags?post=97037"}],"curies":[{"name":"wp","href":"https:\/\/api.w.org\/{rel}","templated":true}]}}