{"id":97043,"date":"2023-01-25T10:00:57","date_gmt":"2023-01-25T13:00:57","guid":{"rendered":"https:\/\/primicias2262.com\/?p=97043"},"modified":"2023-01-25T10:00:57","modified_gmt":"2023-01-25T13:00:57","slug":"variadas-actividades-acompanaran-al-cronograma-de-espectaculos-del-62o-festival-infantil","status":"publish","type":"post","link":"https:\/\/primicias2262.com\/noticias\/variadas-actividades-acompanaran-al-cronograma-de-espectaculos-del-62o-festival-infantil\/","title":{"rendered":"Variadas actividades acompa\u00f1ar\u00e1n al cronograma de espect\u00e1culos del 62\u00ba Festival Infantil"},"content":{"rendered":"<p><strong>Adem\u00e1s de los shows de renombre nacional, la presentaci\u00f3n de artistas locales y los tradicionales corredores de emprendedores y gastron\u00f3mico, distintas \u00e1reas del municipio trabajan para generar una grilla de actividades con atractivas propuestas pensadas para que la celebraci\u00f3n quede grabada en la memoria de cada ni\u00f1o o ni\u00f1a que se acerque hasta el Festival\u00f3dromo del Parque Miguel Lillo.<\/strong><\/p>\n<p>Con tres escenarios funcionando en simult\u00e1neo y la presencia de espect\u00e1culos de renombre nacional, la sexag\u00e9sima segunda edici\u00f3n del Festival Infantil de Necochea se prepara para volver a transformarse en la fiesta dedicada a la ni\u00f1ez m\u00e1s grande e importante del pa\u00eds.<\/p>\n<p>Y es que adem\u00e1s de los shows de Topa, Canticu\u00e9nticos o la Compa\u00f1\u00eda Phaway, como estandartes de este ciclo \u201cMaravilloso\u201d, entre el jueves 2 y el domingo 5 de febrero los vecinos de cada localidad del interior y los turistas que est\u00e9n visitando nuestro distrito podr\u00e1n ser parte de un sinn\u00famero de actividades preparadas especialmente para el disfrute de toda la familia.<\/p>\n\n<p>Sumados a los artistas locales que tradicionalmente han sabido dar vida y color a este festejo, y los ya cl\u00e1sicos paseos de emprendedores y corredores gastron\u00f3micos que se instalan en cada evento importante organizado por el municipio, este a\u00f1o la grilla de actividades ser\u00e1 extensa y con atractivas propuestas pensadas para que la celebraci\u00f3n de las infancias sea un recuerdo imborrable en la memoria de cada ni\u00f1o o ni\u00f1a que se acerque hasta el Festival\u00f3dromo del Parque Miguel Lillo.<\/p>\n<p>Con la organizaci\u00f3n de la Secretar\u00eda de Turismo y Desarrollo Productivo, a los escenarios se les sumar\u00e1n otros seis espacios de recreaci\u00f3n y divertimento. Los cinco primeros estar\u00e1n cargo de las \u00e1reas dependientes de Desarrollo Humano y Pol\u00edticas Sociales, principalmente de los integrantes del programa Barrio Cultura; mientras que el \u00faltimo ser\u00e1 guiado por la Direcci\u00f3n de Deportes.<\/p>\n\n<p>Cada zona estar\u00e1 ambientada de una manera particular para que puedan identificarse f\u00e1cilmente sus actividades que, en detalle, ser\u00e1n las siguientes:<\/p>\n<p><strong>Espacio N\u00ba 1<\/strong><\/p>\n<ul>\n<li>Jueves 2 de febrero<\/li>\n<\/ul>\n<p>19:30 a 20:30 horas \u2013 Integrarte, a cargo del \u00c1rea de Discapacidad<\/p>\n<p>20:30 a 21:30 horas \u2013 Murga Reventados del Ritmo<\/p>\n<ul>\n<li>Viernes 3 de febrero<\/li>\n<\/ul>\n<p>19:30 a 20:30 horas \u2013 Taller \u201cPara ni\u00f1eces\u201d<\/p>\n<ul>\n<li>S\u00e1bado 4 de febrero<\/li>\n<\/ul>\n<p>19:30 a 20:30 horas \u2013 Biblioteca de Autores Locales<\/p>\n<ul>\n<li>Domingo 5 de febrero<\/li>\n<\/ul>\n<p>19:30 a 20:30 horas \u2013 Espacio de Arte<\/p>\n<ul>\n<li>Del 2 al 5 de febrero<\/li>\n<\/ul>\n<p>18 a 19:30 horas \u2013 Taller de origamis y decoraci\u00f3n de trapos de piso para utilizar en las actividades posteriores<\/p>\n<p><strong>Espacio N\u00ba 2<\/strong><\/p>\n<ul>\n<li>Del 2 al 5 de febrero<\/li>\n<\/ul>\n<p>19:30 a 21 horas \u2013 Fotograf\u00edas con los personajes del Festival<\/p>\n<p><strong>Espacio N\u00ba 3<\/strong><\/p>\n<ul>\n<li>Del 2 al 5 de febrero<\/li>\n<\/ul>\n<p>18 a 20:30 horas \u2013 Sector de atriles con dibujos impresos<\/p>\n<p><strong>Espacio N\u00ba 4<\/strong><\/p>\n<ul>\n<li>Del 2 al 5 de febrero<\/li>\n<\/ul>\n<p>18 a 22 horas \u2013 Juegos inflables<\/p>\n<p><strong>Espacio N\u00ba 5<\/strong><\/p>\n<ul>\n<li>Del 2 al 5 de febrero<\/li>\n<\/ul>\n<p>18 a 19 horas \u2013 Burbujas<\/p>\n<p>19 a 20:30 horas \u2013 Juegos tradicionales: Rompecabezas, tatet\u00ed, rayuela, soga, tiro a las latas<\/p>\n<p>20:30 a 22 horas \u2013 Baile de la escoba + Ula ula<\/p>\n<p><strong>Espacio Deportes<\/strong><\/p>\n<ul>\n<li>Del 2 al 5 de febrero<\/li>\n<li>18 a 21:30 horas \u2013 Laberinto gigante, sector de juegos y muestra de las actividades de la Escuela Municipal de Mini Atletismo.<\/li>\n<\/ul>\n","protected":false},"excerpt":{"rendered":"<p>Adem\u00e1s de los shows de renombre nacional, la presentaci\u00f3n de artistas locales y los tradicionales corredores de emprendedores y gastron\u00f3mico, distintas \u00e1reas del municipio trabajan para generar una grilla de actividades con atractivas propuestas pensadas para que la celebraci\u00f3n quede grabada en la memoria de cada ni\u00f1o o ni\u00f1a que se acerque hasta el Festival\u00f3dromo [&hellip;]<\/p>\n","protected":false},"author":3,"featured_media":97049,"comment_status":"closed","ping_status":"closed","sticky":false,"template":"","format":"standard","meta":{"footnotes":""},"categories":[3],"tags":[],"class_list":["post-97043","post","type-post","status-publish","format-standard","has-post-thumbnail","category-masnoticias"],"_links":{"self":[{"href":"https:\/\/primicias2262.com\/noticias\/wp-json\/wp\/v2\/posts\/97043","targetHints":{"allow":["GET"]}}],"collection":[{"href":"https:\/\/primicias2262.com\/noticias\/wp-json\/wp\/v2\/posts"}],"about":[{"href":"https:\/\/primicias2262.com\/noticias\/wp-json\/wp\/v2\/types\/post"}],"author":[{"embeddable":true,"href":"https:\/\/primicias2262.com\/noticias\/wp-json\/wp\/v2\/users\/3"}],"replies":[{"embeddable":true,"href":"https:\/\/primicias2262.com\/noticias\/wp-json\/wp\/v2\/comments?post=97043"}],"version-history":[{"count":0,"href":"https:\/\/primicias2262.com\/noticias\/wp-json\/wp\/v2\/posts\/97043\/revisions"}],"wp:attachment":[{"href":"https:\/\/primicias2262.com\/noticias\/wp-json\/wp\/v2\/media?parent=97043"}],"wp:term":[{"taxonomy":"category","embeddable":true,"href":"https:\/\/primicias2262.com\/noticias\/wp-json\/wp\/v2\/categories?post=97043"},{"taxonomy":"post_tag","embeddable":true,"href":"https:\/\/primicias2262.com\/noticias\/wp-json\/wp\/v2\/tags?post=97043"}],"curies":[{"name":"wp","href":"https:\/\/api.w.org\/{rel}","templated":true}]}}