{"id":97053,"date":"2023-01-25T14:04:22","date_gmt":"2023-01-25T17:04:22","guid":{"rendered":"https:\/\/primicias2262.com\/?p=97053"},"modified":"2023-01-25T14:04:22","modified_gmt":"2023-01-25T17:04:22","slug":"en-vistas-al-tri21-de-marzo-en-el-cenard-nicolas-amendola-intensifica-su-preparacion","status":"publish","type":"post","link":"https:\/\/primicias2262.com\/noticias\/en-vistas-al-tri21-de-marzo-en-el-cenard-nicolas-amendola-intensifica-su-preparacion\/","title":{"rendered":"En vistas al Tri21 de marzo en el Cenard, Nicol\u00e1s Am\u00e9ndola intensifica su preparaci\u00f3n"},"content":{"rendered":"<p><strong>Nicol\u00e1s Am\u00e9ndola, uno de los exponentes de m\u00e1s experiencia de la Escuela Municipal de Nataci\u00f3n Adaptada \u201cTodos al Agua\u201d, se encuentra con la Selecci\u00f3n Nacional en plena preparaci\u00f3n f\u00edsica y t\u00e9cnica en un campus en Mar del Plata, de cara al Torneo Tri21 Americano, competencia multideportiva para atletas con s\u00edndrome de Down que se desarrollar\u00e1 del 20 al 26 de marzo en el Cenard de Buenos Aires.<\/strong><\/p>\n<p>En virtud de ello, el entrenador de Niciol\u00e1s y a su vez integrante del cuerpo t\u00e9cnico de la Selecci\u00f3n, Prof. Marcos Bertone, apunt\u00f3 que se trata de la primera concentraci\u00f3n de la Selecci\u00f3n Argentina para deportistas con S\u00edndrome de Down, en Mar del Plata del 22 al 25 de enero, y es organizada por la FADASD (Federaci\u00f3n Argentina de Deportes para Atletas con S\u00edndrome de Down).<\/p>\n<p>All\u00ed, Am\u00e9ndola participa del campus de preparaci\u00f3n junto a nadadores de Mar del Plata, Neuqu\u00e9n y La Pampa de cara a lo que ser\u00e1 el TRI21 Americano en marzo, mientras que por una cuesti\u00f3n log\u00edstica, el resto de los deportistas de diferentes provincias entrenar\u00e1n en San Jorge, provincia de Santa Fe.<\/p>\n<p>De esta forma, Nicol\u00e1s Am\u00e9ndola sigue progresando en su carrera deportiva, luego de un 2022 inolvidable con muy buenas marcas en su participaci\u00f3n en el Mundial para atletas con s\u00edndrome de Down en Portugal, siendo uno de los m\u00e1ximos referentes de la escuela municipal donde se inici\u00f3 y desarroll\u00f3, la cual depende de la Direcci\u00f3n de Deportes, a cargo de Guadalupe Hern\u00e1ndez.<\/p>\n<p><a href=\"https:\/\/primicias2262.com\/wp-content\/uploads\/2023\/01\/FOTO-Nicolas-Amendola-campus.jpeg\"><img loading=\"lazy\" decoding=\"async\" class=\"aligncenter size-large wp-image-97055\" src=\"https:\/\/primicias2262.com\/wp-content\/uploads\/2023\/01\/FOTO-Nicolas-Amendola-campus-576x1024.jpeg\" alt=\"\" width=\"576\" height=\"1024\" \/><\/a><\/p>\n","protected":false},"excerpt":{"rendered":"<p>Nicol\u00e1s Am\u00e9ndola, uno de los exponentes de m\u00e1s experiencia de la Escuela Municipal de Nataci\u00f3n Adaptada \u201cTodos al Agua\u201d, se encuentra con la Selecci\u00f3n Nacional en plena preparaci\u00f3n f\u00edsica y t\u00e9cnica en un campus en Mar del Plata, de cara al Torneo Tri21 Americano, competencia multideportiva para atletas con s\u00edndrome de Down que se desarrollar\u00e1 [&hellip;]<\/p>\n","protected":false},"author":3,"featured_media":97054,"comment_status":"closed","ping_status":"closed","sticky":false,"template":"","format":"standard","meta":{"footnotes":""},"categories":[3],"tags":[],"class_list":["post-97053","post","type-post","status-publish","format-standard","has-post-thumbnail","category-masnoticias"],"_links":{"self":[{"href":"https:\/\/primicias2262.com\/noticias\/wp-json\/wp\/v2\/posts\/97053","targetHints":{"allow":["GET"]}}],"collection":[{"href":"https:\/\/primicias2262.com\/noticias\/wp-json\/wp\/v2\/posts"}],"about":[{"href":"https:\/\/primicias2262.com\/noticias\/wp-json\/wp\/v2\/types\/post"}],"author":[{"embeddable":true,"href":"https:\/\/primicias2262.com\/noticias\/wp-json\/wp\/v2\/users\/3"}],"replies":[{"embeddable":true,"href":"https:\/\/primicias2262.com\/noticias\/wp-json\/wp\/v2\/comments?post=97053"}],"version-history":[{"count":0,"href":"https:\/\/primicias2262.com\/noticias\/wp-json\/wp\/v2\/posts\/97053\/revisions"}],"wp:attachment":[{"href":"https:\/\/primicias2262.com\/noticias\/wp-json\/wp\/v2\/media?parent=97053"}],"wp:term":[{"taxonomy":"category","embeddable":true,"href":"https:\/\/primicias2262.com\/noticias\/wp-json\/wp\/v2\/categories?post=97053"},{"taxonomy":"post_tag","embeddable":true,"href":"https:\/\/primicias2262.com\/noticias\/wp-json\/wp\/v2\/tags?post=97053"}],"curies":[{"name":"wp","href":"https:\/\/api.w.org\/{rel}","templated":true}]}}