{"id":97071,"date":"2023-01-26T14:40:01","date_gmt":"2023-01-26T17:40:01","guid":{"rendered":"https:\/\/primicias2262.com\/?p=97071"},"modified":"2023-01-26T14:40:01","modified_gmt":"2023-01-26T17:40:01","slug":"operativo-verano-de-ioma-donde-esta-ubicada-la-posta-de-la-obra-social-en-necochea","status":"publish","type":"post","link":"https:\/\/primicias2262.com\/noticias\/operativo-verano-de-ioma-donde-esta-ubicada-la-posta-de-la-obra-social-en-necochea\/","title":{"rendered":"Operativo Verano de IOMA: d\u00f3nde est\u00e1 ubicada la posta de la obra social en Necochea"},"content":{"rendered":"<p>Las y los agentes sanitarios brindan asesoramiento y ofrecen controles de glucemia, presi\u00f3n e IMC. Adem\u00e1s, informan sobre las prestaciones de la obra social y pr\u00e1cticas saludables.<\/p>\n<p>La obra social bonaerense puso en marcha el Operativo Verano, IOMA D\u00f3nde Est\u00e9s, en el marco del \u201cPrograma de Reconstrucci\u00f3n y Transformaci\u00f3n Provincial 6 x 6\u201d, que se extender\u00e1 hasta el 28 de febrero de 2023.<\/p>\n<p><strong>La posta destinada a Necochea est\u00e1 ubicada en Av. 2 esq. av. 79, donde brinda atenci\u00f3n de lunes a viernes, de 9 a 13 hs.\u00a0<\/strong><\/p>\n<p>De esta manera, a lo largo de este verano se llevar\u00e1n adelante m\u00e1s de 30 Operativos socio-sanitarios diarios y simult\u00e1neos de promoci\u00f3n, prevenci\u00f3n y cuidado de la salud en puntos estrat\u00e9gicos de las catorce (14) regiones de la Provincia y su Costa Atl\u00e1ntica, con postas fijas e itinerantes.<\/p>\n<p>Con este programa, IOMA multiplicar\u00e1 los lugares y d\u00edas de atenci\u00f3n, acercando la obra social a mayor cantidad de afiliadas y afiliados.<\/p>\n<p>Las postas atienden de lunes a viernes, s\u00e1bados, domingos y feriados, en distintos horarios, y su ubicaci\u00f3n puede visualizarse en un <a href=\"https:\/\/www.google.com\/maps\/d\/u\/0\/viewer?mid=1Xe1cfSfYAz4m4mXt3QsXp2T-dbj5zrE&amp;ll=-36.76580542581075%2C-60.22397200490737&amp;z=5\">mapa interactivo<\/a> donde IOMA va actualizando la informaci\u00f3n.<\/p>\n<p><strong>Los servicios <\/strong><\/p>\n<p>Los principales ejes a abordar a lo largo del Operativo Verano son el asesoramiento en IOMA Digital y servicios y prestaciones de la Obra Social, consejer\u00edas de pr\u00e1cticas saludables, postas de atenci\u00f3n preventiva con medici\u00f3n de glucemia, presi\u00f3n e IMC. Tambi\u00e9n habr\u00e1 postas de atenci\u00f3n prestacional con cobertura 100%, en conjunto con Policonsultorios. De esta manera, IOMA contin\u00faa desarrollando l\u00edneas de cuidado, accesibilidad y proximidad, fortaleciendo su presencia en todo el territorio bonaerense.<\/p>\n<p>&nbsp;<\/p>\n<p><strong>La ubicaci\u00f3n de las postas<\/strong><\/p>\n<p>MDQ Museo Mar<\/p>\n<p>MDQ Punta Mogotes<\/p>\n<p>Miramar<\/p>\n<p>Necochea<\/p>\n<p>Villa Gesell<\/p>\n<p>San Clemente del Tuy\u00fa<\/p>\n<p>Las Toninas<\/p>\n<p>Santa Teresita<\/p>\n<p>Mar del Tuy\u00fa<\/p>\n<p>San Bernardo<\/p>\n<p>Mar de Aj\u00f3<\/p>\n<p>Chascom\u00fas<\/p>\n<p>Monte Hermoso<\/p>\n<p>Sierra de la Ventana<\/p>\n<p>Pehuaj\u00f3<\/p>\n<p>Jun\u00edn<\/p>\n<p>San Pedro<\/p>\n<p>Col\u00f3n<\/p>\n<p>Tigre<\/p>\n<p>Isla Mart\u00edn Garc\u00eda<\/p>\n<p>Quilmes<\/p>\n<p>Lomas de Zamora<\/p>\n<p>Luj\u00e1n<\/p>\n<p>Mor\u00f3n<\/p>\n<p>Olavarr\u00eda<\/p>\n<p>Lobos<\/p>\n<p>San Justo<\/p>\n<p>Laferrere<\/p>\n<p>CABA<\/p>\n","protected":false},"excerpt":{"rendered":"<p>Las y los agentes sanitarios brindan asesoramiento y ofrecen controles de glucemia, presi\u00f3n e IMC. Adem\u00e1s, informan sobre las prestaciones de la obra social y pr\u00e1cticas saludables. La obra social bonaerense puso en marcha el Operativo Verano, IOMA D\u00f3nde Est\u00e9s, en el marco del \u201cPrograma de Reconstrucci\u00f3n y Transformaci\u00f3n Provincial 6 x 6\u201d, que se [&hellip;]<\/p>\n","protected":false},"author":3,"featured_media":97072,"comment_status":"closed","ping_status":"closed","sticky":false,"template":"","format":"standard","meta":{"footnotes":""},"categories":[3],"tags":[],"class_list":["post-97071","post","type-post","status-publish","format-standard","has-post-thumbnail","category-masnoticias"],"_links":{"self":[{"href":"https:\/\/primicias2262.com\/noticias\/wp-json\/wp\/v2\/posts\/97071","targetHints":{"allow":["GET"]}}],"collection":[{"href":"https:\/\/primicias2262.com\/noticias\/wp-json\/wp\/v2\/posts"}],"about":[{"href":"https:\/\/primicias2262.com\/noticias\/wp-json\/wp\/v2\/types\/post"}],"author":[{"embeddable":true,"href":"https:\/\/primicias2262.com\/noticias\/wp-json\/wp\/v2\/users\/3"}],"replies":[{"embeddable":true,"href":"https:\/\/primicias2262.com\/noticias\/wp-json\/wp\/v2\/comments?post=97071"}],"version-history":[{"count":0,"href":"https:\/\/primicias2262.com\/noticias\/wp-json\/wp\/v2\/posts\/97071\/revisions"}],"wp:attachment":[{"href":"https:\/\/primicias2262.com\/noticias\/wp-json\/wp\/v2\/media?parent=97071"}],"wp:term":[{"taxonomy":"category","embeddable":true,"href":"https:\/\/primicias2262.com\/noticias\/wp-json\/wp\/v2\/categories?post=97071"},{"taxonomy":"post_tag","embeddable":true,"href":"https:\/\/primicias2262.com\/noticias\/wp-json\/wp\/v2\/tags?post=97071"}],"curies":[{"name":"wp","href":"https:\/\/api.w.org\/{rel}","templated":true}]}}