{"id":97078,"date":"2023-01-26T14:45:56","date_gmt":"2023-01-26T17:45:56","guid":{"rendered":"https:\/\/primicias2262.com\/?p=97078"},"modified":"2023-01-26T14:45:56","modified_gmt":"2023-01-26T17:45:56","slug":"habra-transporte-gratis-para-que-menores-de-10-anos-vayan-al-festival-infantil","status":"publish","type":"post","link":"https:\/\/primicias2262.com\/noticias\/habra-transporte-gratis-para-que-menores-de-10-anos-vayan-al-festival-infantil\/","title":{"rendered":"Habr\u00e1 transporte gratis para que menores de 10 a\u00f1os vayan al Festival Infantil"},"content":{"rendered":"<p><strong>Sin importar el lugar de Necochea o Quequ\u00e9n en el que vivan, los m\u00e1s peque\u00f1os tendr\u00e1n pase libre en las dos compa\u00f1\u00edas de transporte p\u00fablico entre el 2 y el 5 de febrero, en el horario de 16 a 00.<\/strong><\/p>\n<p>Con la intenci\u00f3n de que todos los ni\u00f1os y las ni\u00f1as del distrito puedan disfrutar de una celebraci\u00f3n preparada especialmente para ellos, la Municipalidad acord\u00f3 con las empresas concesionarias del transporte p\u00fablico urbano que los menores de 10 a\u00f1os puedan viajar gratis desde cualquier punto de Necochea y Quequ\u00e9n hacia el Festival\u00f3dromo del Parque Miguel Lillo, con el \u00fanico requisito de mostrar el documento de identidad al abordar a la unidad.<\/p>\n<p>A trav\u00e9s de la direcci\u00f3n comunal que controla la actividad se conoci\u00f3 que entre los pr\u00f3ximos 2 y 5 de febrero -la extensi\u00f3n total de la 62\u00aa edici\u00f3n del Festival Infantil- los m\u00e1s peque\u00f1os podr\u00e1n llegar hasta el lugar de la celebraci\u00f3n en los colectivos de l\u00ednea sin abonar el pasaje correspondiente, en el horario de 16 a 00.<\/p>\n<p>Con esta decisi\u00f3n se vuelve a mostrar una clara intenci\u00f3n del municipio de buscar la \u201cfederalizaci\u00f3n\u201d del festejo, para que las infancias de cada barrio puedan vivir la experiencia y ser parte de todas las actividades; algo similar a lo que se hab\u00eda pensado, en una primera instancia, con el traslado de este tipo de eventos a la Plaza Dardo Rocha, el espacio p\u00fablico m\u00e1s c\u00e9ntrico y, por lo tanto, con mejor accesibilidad -o m\u00e1s equitativa- desde cualquiera de las ciudades que integran nuestro distrito.<\/p>\n<p><a href=\"https:\/\/primicias2262.com\/wp-content\/uploads\/2023\/01\/transporte-FESTIVAL-placa-scaled.jpg\"><img loading=\"lazy\" decoding=\"async\" class=\"aligncenter size-large wp-image-97079\" src=\"https:\/\/primicias2262.com\/wp-content\/uploads\/2023\/01\/transporte-FESTIVAL-placa-1024x1024.jpg\" alt=\"\" width=\"696\" height=\"696\" \/><\/a><\/p>\n<p>&nbsp;<\/p>\n","protected":false},"excerpt":{"rendered":"<p>Sin importar el lugar de Necochea o Quequ\u00e9n en el que vivan, los m\u00e1s peque\u00f1os tendr\u00e1n pase libre en las dos compa\u00f1\u00edas de transporte p\u00fablico entre el 2 y el 5 de febrero, en el horario de 16 a 00. Con la intenci\u00f3n de que todos los ni\u00f1os y las ni\u00f1as del distrito puedan disfrutar [&hellip;]<\/p>\n","protected":false},"author":3,"featured_media":94938,"comment_status":"closed","ping_status":"closed","sticky":false,"template":"","format":"standard","meta":{"footnotes":""},"categories":[3],"tags":[],"class_list":["post-97078","post","type-post","status-publish","format-standard","has-post-thumbnail","category-masnoticias"],"_links":{"self":[{"href":"https:\/\/primicias2262.com\/noticias\/wp-json\/wp\/v2\/posts\/97078","targetHints":{"allow":["GET"]}}],"collection":[{"href":"https:\/\/primicias2262.com\/noticias\/wp-json\/wp\/v2\/posts"}],"about":[{"href":"https:\/\/primicias2262.com\/noticias\/wp-json\/wp\/v2\/types\/post"}],"author":[{"embeddable":true,"href":"https:\/\/primicias2262.com\/noticias\/wp-json\/wp\/v2\/users\/3"}],"replies":[{"embeddable":true,"href":"https:\/\/primicias2262.com\/noticias\/wp-json\/wp\/v2\/comments?post=97078"}],"version-history":[{"count":0,"href":"https:\/\/primicias2262.com\/noticias\/wp-json\/wp\/v2\/posts\/97078\/revisions"}],"wp:attachment":[{"href":"https:\/\/primicias2262.com\/noticias\/wp-json\/wp\/v2\/media?parent=97078"}],"wp:term":[{"taxonomy":"category","embeddable":true,"href":"https:\/\/primicias2262.com\/noticias\/wp-json\/wp\/v2\/categories?post=97078"},{"taxonomy":"post_tag","embeddable":true,"href":"https:\/\/primicias2262.com\/noticias\/wp-json\/wp\/v2\/tags?post=97078"}],"curies":[{"name":"wp","href":"https:\/\/api.w.org\/{rel}","templated":true}]}}