{"id":97098,"date":"2023-01-27T13:12:07","date_gmt":"2023-01-27T16:12:07","guid":{"rendered":"https:\/\/primicias2262.com\/?p=97098"},"modified":"2023-01-27T13:12:07","modified_gmt":"2023-01-27T16:12:07","slug":"los-periodistas-alejandro-fabbri-y-gustavo-veiga-fueron-agasajados-por-el-circulo-de-necochea","status":"publish","type":"post","link":"https:\/\/primicias2262.com\/noticias\/los-periodistas-alejandro-fabbri-y-gustavo-veiga-fueron-agasajados-por-el-circulo-de-necochea\/","title":{"rendered":"Los periodistas Alejandro Fabbri y Gustavo Veiga fueron agasajados por el C\u00edrculo de Necochea"},"content":{"rendered":"<p><strong>Los reconocidos periodistas se encuentran de vacaciones en Necochea y compartieron parte de su tiempo con la instituci\u00f3n local en una cena familiar y de camarader\u00eda.<\/strong><\/p>\n<p>El C\u00edrculo de Periodistas Deportivos de Necochea tuvo el privilegio de compartir una velada junto a los reconocidos periodistas Alejandro Fabbri y Gustavo Veiga, quienes se encuentran veraneando en la ciudad durante enero. El encuentro se dio en el marco de una cena familiar y de camarader\u00eda, ya que participaron dirigentes del Club Del Valle y el presidente de Puerto Quequ\u00e9n, Jorge \u00c1lvaro, instituciones que colaboran de forma permanente con el C\u00edrculo.<\/p>\n<p><a href=\"https:\/\/primicias2262.com\/wp-content\/uploads\/2023\/01\/FOTO-Circulo-Fabbri-Veiga2.jpeg\"><img loading=\"lazy\" decoding=\"async\" class=\"aligncenter size-large wp-image-97088\" src=\"https:\/\/primicias2262.com\/wp-content\/uploads\/2023\/01\/FOTO-Circulo-Fabbri-Veiga2-1024x768.jpeg\" alt=\"\" width=\"696\" height=\"522\" \/><\/a><\/p>\n<p>Luego de la cena que se degust\u00f3 en la sede del Colegio de Martilleros de Necochea -gentilmente brindado al C\u00edrculo-, tanto Fabbri como Veiga fueron agasajados por los integrantes del C\u00edrculo necochense y se dirigieron a los presentes con palabras alusivas.<\/p>\n<p>En primer t\u00e9rmino, el periodista de P\u00e1gina 12, Gustavo Veiga, destac\u00f3 que \u201crepresenta mucho Necochea para m\u00ed y la familia\u201d, en alusi\u00f3n a su padre Bernardino, quien vino a la ciudad por primera vez en la d\u00e9cada del \u201950 y a su hermano Santiago, radicado en Necochea hace cuatro d\u00e9cadas y actual presidente de la Federaci\u00f3n Argentina de Periodistas Deportivos (FAPED).<\/p>\n<p>Seguidamente, Gustavo se dirigi\u00f3 a los integrantes del C\u00edrculo al expresar que \u201cs\u00e9 de ustedes que trabajan a pulm\u00f3n, entend\u00ed de mi hermano Santiago y de chicos que hacen periodismo ac\u00e1 en la ciudad que hacer periodismo en el interior y en una ciudad mediana no es como lo hacemos nosotros en medios nacionales, que por ah\u00ed tenemos m\u00e1s facilidades y reconocimientos\u2026 entend\u00ed todo lo que hace el C\u00edrculo y quiero recordar a Poteca (Juan Alberto), que tantas vacaciones pasamos en su casa y en la radio\u201d.<\/p>\n<p><a href=\"https:\/\/primicias2262.com\/wp-content\/uploads\/2023\/01\/FOTO-Alejandro-Fabbri-Gustavo-Veiga.jpeg\"><img loading=\"lazy\" decoding=\"async\" class=\"alignleft size-medium wp-image-97086\" src=\"https:\/\/primicias2262.com\/wp-content\/uploads\/2023\/01\/FOTO-Alejandro-Fabbri-Gustavo-Veiga-225x300.jpeg\" alt=\"\" width=\"225\" height=\"300\" \/><\/a>\u201cEl laburo de ustedes trasciende lo period\u00edstico, ya que se relacionan con instituciones civiles y clubes, y valoro mucho eso\u2026 son muchos a\u00f1os en Necochea y con Alejandro (Fabbri) nos conocemos hace un mont\u00f3n, nos echaron a los dos de Clar\u00edn el mismo d\u00eda despu\u00e9s de la dictadura por pedir aumento de sueldo e hicimos camino al andar como hacen ustedes ac\u00e1. Mi coraz\u00f3n est\u00e1 con Necochea y voy a volver siempre\u201d, concluy\u00f3 Gustavo.<\/p>\n<p>A continuaci\u00f3n, recogi\u00f3 el guante Alejandro Fabbri, quien actualmente trabaja en TyC Sports y Relatores, al resaltar hacia el C\u00edrculo que \u201cen un momento de la destrucci\u00f3n del periodismo, con la posverdad, las fake news y las mentiras, siempre es bueno que haya gente que desde otro lugar defienda los valores \u00e9ticos y haga periodismo en serio, con los elementos que se puede, por supuesto que la mayor\u00eda no puede vivir solo del periodismo y eso tambi\u00e9n pasa en Buenos Aires, no solo en el interior\u201d.<\/p>\n<p>El periodista de dilatada trayectoria y reconocido por su amor por Platense, culmin\u00f3 se\u00f1alando que \u201cen esto de ponerle la cara y el cuerpo al periodismo y tratando de ayudar a que la gente se informe y tenga las cosas medianamente claras al menos en el \u00e1mbito deportivo, siempre es bueno que haya un grupo compacto, formado y preocupado por los dem\u00e1s, y eso es lo bueno que los marca a ustedes con las gestiones que han ido teniendo y con la gente que los apoya\u201d.<\/p>\n<p>En el cierre, tambi\u00e9n se destacaron las palabras de Abel Oscar Laghezza en representaci\u00f3n del Club Del Valle, socio fundamental del C\u00edrculo e instituci\u00f3n que don\u00f3 sus tierras desinteresadamente en Ruta 86 y calle 70 para que el C\u00edrculo pronto desarrolle su sede social y Museo del Deporte; como as\u00ed de los presidentes de Puerto Quequ\u00e9n y de FAPED, Jorge \u00c1lvaro y Santiago Veiga, respectivamente.<\/p>\n","protected":false},"excerpt":{"rendered":"<p>Los reconocidos periodistas se encuentran de vacaciones en Necochea y compartieron parte de su tiempo con la instituci\u00f3n local en una cena familiar y de camarader\u00eda. El C\u00edrculo de Periodistas Deportivos de Necochea tuvo el privilegio de compartir una velada junto a los reconocidos periodistas Alejandro Fabbri y Gustavo Veiga, quienes se encuentran veraneando en [&hellip;]<\/p>\n","protected":false},"author":3,"featured_media":97087,"comment_status":"closed","ping_status":"closed","sticky":false,"template":"","format":"standard","meta":{"footnotes":""},"categories":[3],"tags":[],"class_list":["post-97098","post","type-post","status-publish","format-standard","has-post-thumbnail","category-masnoticias"],"_links":{"self":[{"href":"https:\/\/primicias2262.com\/noticias\/wp-json\/wp\/v2\/posts\/97098","targetHints":{"allow":["GET"]}}],"collection":[{"href":"https:\/\/primicias2262.com\/noticias\/wp-json\/wp\/v2\/posts"}],"about":[{"href":"https:\/\/primicias2262.com\/noticias\/wp-json\/wp\/v2\/types\/post"}],"author":[{"embeddable":true,"href":"https:\/\/primicias2262.com\/noticias\/wp-json\/wp\/v2\/users\/3"}],"replies":[{"embeddable":true,"href":"https:\/\/primicias2262.com\/noticias\/wp-json\/wp\/v2\/comments?post=97098"}],"version-history":[{"count":0,"href":"https:\/\/primicias2262.com\/noticias\/wp-json\/wp\/v2\/posts\/97098\/revisions"}],"wp:attachment":[{"href":"https:\/\/primicias2262.com\/noticias\/wp-json\/wp\/v2\/media?parent=97098"}],"wp:term":[{"taxonomy":"category","embeddable":true,"href":"https:\/\/primicias2262.com\/noticias\/wp-json\/wp\/v2\/categories?post=97098"},{"taxonomy":"post_tag","embeddable":true,"href":"https:\/\/primicias2262.com\/noticias\/wp-json\/wp\/v2\/tags?post=97098"}],"curies":[{"name":"wp","href":"https:\/\/api.w.org\/{rel}","templated":true}]}}