{"id":97106,"date":"2023-01-27T11:12:12","date_gmt":"2023-01-27T14:12:12","guid":{"rendered":"https:\/\/primicias2262.com\/?p=97106"},"modified":"2023-01-27T11:12:12","modified_gmt":"2023-01-27T14:12:12","slug":"con-muy-buen-balance-se-cerro-el-ciclo-recreativo-para-adultos-con-discapacidad","status":"publish","type":"post","link":"https:\/\/primicias2262.com\/noticias\/con-muy-buen-balance-se-cerro-el-ciclo-recreativo-para-adultos-con-discapacidad\/","title":{"rendered":"Con muy buen balance se cerr\u00f3 el ciclo recreativo para adultos con discapacidad"},"content":{"rendered":"<p><strong>Con la organizaci\u00f3n por parte de la Secretar\u00eda de Desarrollo Humano y Pol\u00edticas Sociales, a cargo de Sandra Antenucci, lleg\u00f3 a su fin el ciclo de actividades gratuitas y recreativas para adultos con discapacidad, lo cual se desarroll\u00f3 durante todos los viernes de enero en el Polideportivo Municipal \u201cEdgardo Hugo Yelpo\u201d.<\/strong><\/p>\n<p>Con un balance muy positivo de la iniciativa coordinada por el \u00c1rea municipal de Discapacidad, su titular Camila Bianchi puso en valor que \u201cfueron jornadas pensadas desde la Secretar\u00eda de Desarrollo Humano para brindar una propuesta gratuita y libre para adultos y adultas con discapacidad, que es una poblaci\u00f3n que queda al margen de otras actividades como colonias de verano o acciones recreativas para m\u00e1s chicos, y ellos al ser adultos por ah\u00ed no tienen estas posibilidades\u201d.<\/p>\n<p>\u201cHemos tenido una concurrencia de alrededor de 40 personas por semana, nos acompa\u00f1\u00f3 la Asociaci\u00f3n Civil \u201cLa Subida\u201d con una obra de teatro y participaron personas del Instituto Ser, \u201cTodo para Ellos\u201d y el Taller Protegido Sendero de Luz. Todos los concurrentes han venido en forma espont\u00e1nea a participar y estamos muy satisfechos y agradecidos\u201d, describi\u00f3 Camila.<\/p>\n<p><a href=\"https:\/\/primicias2262.com\/wp-content\/uploads\/2023\/01\/27-01-FOTO-Jornada-Discapacidad2.jpeg\"><img loading=\"lazy\" decoding=\"async\" class=\"aligncenter size-large wp-image-97107\" src=\"https:\/\/primicias2262.com\/wp-content\/uploads\/2023\/01\/27-01-FOTO-Jornada-Discapacidad2-1024x682.jpeg\" alt=\"\" width=\"696\" height=\"464\" \/><\/a>Adem\u00e1s hizo extensivo el agradecimiento a la directora de Deportes, Guadalupe Hern\u00e1ndez, \u201cque nos cedi\u00f3 el Polideportivo, el cual es un espacio libre en el que estamos bajo techo, tenemos ba\u00f1os para personas con discapacidad, es totalmente accesible y c\u00f3modo y por eso elegimos este punto\u201d, donde la poblaci\u00f3n adulta con discapacidad pudo disfrutar gratuitamente de expresi\u00f3n corporal, juegos, gimnasia, pintura, m\u00fasica, baile y obras de teatro.<\/p>\n","protected":false},"excerpt":{"rendered":"<p>Con la organizaci\u00f3n por parte de la Secretar\u00eda de Desarrollo Humano y Pol\u00edticas Sociales, a cargo de Sandra Antenucci, lleg\u00f3 a su fin el ciclo de actividades gratuitas y recreativas para adultos con discapacidad, lo cual se desarroll\u00f3 durante todos los viernes de enero en el Polideportivo Municipal \u201cEdgardo Hugo Yelpo\u201d. Con un balance muy [&hellip;]<\/p>\n","protected":false},"author":3,"featured_media":97108,"comment_status":"closed","ping_status":"closed","sticky":false,"template":"","format":"standard","meta":{"footnotes":""},"categories":[3],"tags":[],"class_list":["post-97106","post","type-post","status-publish","format-standard","has-post-thumbnail","category-masnoticias"],"_links":{"self":[{"href":"https:\/\/primicias2262.com\/noticias\/wp-json\/wp\/v2\/posts\/97106","targetHints":{"allow":["GET"]}}],"collection":[{"href":"https:\/\/primicias2262.com\/noticias\/wp-json\/wp\/v2\/posts"}],"about":[{"href":"https:\/\/primicias2262.com\/noticias\/wp-json\/wp\/v2\/types\/post"}],"author":[{"embeddable":true,"href":"https:\/\/primicias2262.com\/noticias\/wp-json\/wp\/v2\/users\/3"}],"replies":[{"embeddable":true,"href":"https:\/\/primicias2262.com\/noticias\/wp-json\/wp\/v2\/comments?post=97106"}],"version-history":[{"count":0,"href":"https:\/\/primicias2262.com\/noticias\/wp-json\/wp\/v2\/posts\/97106\/revisions"}],"wp:attachment":[{"href":"https:\/\/primicias2262.com\/noticias\/wp-json\/wp\/v2\/media?parent=97106"}],"wp:term":[{"taxonomy":"category","embeddable":true,"href":"https:\/\/primicias2262.com\/noticias\/wp-json\/wp\/v2\/categories?post=97106"},{"taxonomy":"post_tag","embeddable":true,"href":"https:\/\/primicias2262.com\/noticias\/wp-json\/wp\/v2\/tags?post=97106"}],"curies":[{"name":"wp","href":"https:\/\/api.w.org\/{rel}","templated":true}]}}