{"id":97113,"date":"2023-01-27T14:17:36","date_gmt":"2023-01-27T17:17:36","guid":{"rendered":"https:\/\/primicias2262.com\/?p=97113"},"modified":"2023-01-27T14:17:36","modified_gmt":"2023-01-27T17:17:36","slug":"el-programa-provincial-cultura-rodante-llega-este-domingo-a-necochea","status":"publish","type":"post","link":"https:\/\/primicias2262.com\/noticias\/el-programa-provincial-cultura-rodante-llega-este-domingo-a-necochea\/","title":{"rendered":"El programa provincial \u201cCultura Rodante\u201d llega este domingo a Necochea"},"content":{"rendered":"<p><strong>A trav\u00e9s de un esfuerzo mancomunado entre el municipio y la Provincia, en la tarde de este domingo vecinos y turistas podr\u00e1n disfrutar de una propuesta diferente en la Rambla, abierta y gratuita, y llena de juegos, arte, literatura y circo.<\/strong><\/p>\n<p>En la tarde de este domingo llegar\u00e1 a Necochea el programa provincial Cultura Rodante, gracias a un esfuerzo mancomunado entre las autoridades comunales y el Gobierno bonaerense, regalando una jornada gratuita llena de arte, literatura y circo para toda la familia, pero destinada especialmente a la ni\u00f1ez.<\/p>\n<p>El m\u00f3vil del Instituto Cultural estar\u00e1 apostado en la Rambla\u00a0Municipal, en la intersecci\u00f3n de Avenida 2 y peatonal 83, en el horario de 18 a 21, con una \u201cjuegoteca\u201d y otros sectores espec\u00edficos, a modo de postas, dedicados a la lectura y el arte.<\/p>\n<p>Adem\u00e1s, para ponerle color y alegr\u00eda a la jornada, se estar\u00e1 presentado en ese espacio verde costero, donde est\u00e1 ubicado actualmente el operativo itinerante de documentaci\u00f3n del Registro Nacional de las Personas, el show del Circo Latin D\u00fao.<\/p>\n<p>Por su parte, el municipio aportar\u00e1 al evento la realizaci\u00f3n de otras actividades deportivas y recreativas paralelas para cubrir la gran demanda de vecinos y turistas que se espera se acerquen hasta el lugar si las condiciones clim\u00e1ticas acompa\u00f1an.<\/p>\n<p>Vale destacar que \u201cCultura Rodante forma parte de una pol\u00edtica que promueve el acceso a la cultura y el esparcimiento para todas las familias y principalmente para las infancias, con propuestas diversas y atractivas\u201d, seg\u00fan especificaron desde el organismo provincial.<\/p>\n","protected":false},"excerpt":{"rendered":"<p>A trav\u00e9s de un esfuerzo mancomunado entre el municipio y la Provincia, en la tarde de este domingo vecinos y turistas podr\u00e1n disfrutar de una propuesta diferente en la Rambla, abierta y gratuita, y llena de juegos, arte, literatura y circo. En la tarde de este domingo llegar\u00e1 a Necochea el programa provincial Cultura Rodante, [&hellip;]<\/p>\n","protected":false},"author":3,"featured_media":97114,"comment_status":"closed","ping_status":"closed","sticky":false,"template":"","format":"standard","meta":{"footnotes":""},"categories":[5],"tags":[],"class_list":{"0":"post-97113","1":"post","2":"type-post","3":"status-publish","4":"format-standard","5":"has-post-thumbnail","7":"category-neco"},"_links":{"self":[{"href":"https:\/\/primicias2262.com\/noticias\/wp-json\/wp\/v2\/posts\/97113","targetHints":{"allow":["GET"]}}],"collection":[{"href":"https:\/\/primicias2262.com\/noticias\/wp-json\/wp\/v2\/posts"}],"about":[{"href":"https:\/\/primicias2262.com\/noticias\/wp-json\/wp\/v2\/types\/post"}],"author":[{"embeddable":true,"href":"https:\/\/primicias2262.com\/noticias\/wp-json\/wp\/v2\/users\/3"}],"replies":[{"embeddable":true,"href":"https:\/\/primicias2262.com\/noticias\/wp-json\/wp\/v2\/comments?post=97113"}],"version-history":[{"count":0,"href":"https:\/\/primicias2262.com\/noticias\/wp-json\/wp\/v2\/posts\/97113\/revisions"}],"wp:featuredmedia":[{"embeddable":true,"href":"https:\/\/primicias2262.com\/noticias\/wp-json\/"}],"wp:attachment":[{"href":"https:\/\/primicias2262.com\/noticias\/wp-json\/wp\/v2\/media?parent=97113"}],"wp:term":[{"taxonomy":"category","embeddable":true,"href":"https:\/\/primicias2262.com\/noticias\/wp-json\/wp\/v2\/categories?post=97113"},{"taxonomy":"post_tag","embeddable":true,"href":"https:\/\/primicias2262.com\/noticias\/wp-json\/wp\/v2\/tags?post=97113"}],"curies":[{"name":"wp","href":"https:\/\/api.w.org\/{rel}","templated":true}]}}