{"id":97135,"date":"2023-01-30T14:48:12","date_gmt":"2023-01-30T17:48:12","guid":{"rendered":"https:\/\/primicias2262.com\/?p=97135"},"modified":"2023-01-30T14:48:12","modified_gmt":"2023-01-30T17:48:12","slug":"la-carne-aumento-un-20-y-creo-que-va-a-seguir-aumentando-un-poco-mas","status":"publish","type":"post","link":"https:\/\/primicias2262.com\/noticias\/la-carne-aumento-un-20-y-creo-que-va-a-seguir-aumentando-un-poco-mas\/","title":{"rendered":"\u201cLa carne aument\u00f3 un 20% y creo que va a seguir aumentando un poco m\u00e1s\u201d"},"content":{"rendered":"<p><strong>As\u00ed lo manifest\u00f3 Gabriel Vallejos de carnicer\u00eda Al Corte, ubicada en la esquina de 66 y 63. No se registraban aumentos desde abril de 2022 y ahora pueden darse dos con diferencia de siete d\u00edas.<\/strong><\/p>\n<p>El empresario local fue entrevistado por Jorge G\u00f3mez en \u201cVoces de la Ciudad\u201d, donde confirm\u00f3 que \u201cla carne aument\u00f3 el 20% el mi\u00e9rcoles pasado y creo que va a seguir aumentando un poco m\u00e1s\u201d, haciendo referencia de que \u201cesta semana supuestamente viene con otro aumento pero todav\u00eda no se sabe\u2026pero otro poco va aumentar, entre un 10 y 15% m\u00e1s\u201d.<\/p>\n<p>El due\u00f1o de la carnicer\u00eda Al Corte, y tambi\u00e9n de la parrilla de la planta alta que lleva el mismo nombre, se\u00f1al\u00f3 que \u201cdesde abril pasado que no aumentaba la carne\u201d, y a continuaci\u00f3n inform\u00f3 que en promedio los cortes aumentaron unos 200 pesos el kilo.<\/p>\n<p>Por ejemplo, \u201cla nalga para milanesa ahora cuesta 1650 pesos el kilo; el bife de cuadril que antes estaba a 1350 o 1400 pesos, ahora cuesta 1600 pesos. El asado pas\u00f3 a 1600 pesos y el vac\u00edo a 1750 pesos, mientras que la tapa est\u00e1 alrededor de 1550 y los chorizos de purpo cerdo a 1300 el kilo. En promedio aument\u00f3 unos 200 pesos el kilo de los cortes, algunos m\u00e1s y otros menos\u201d, apunt\u00f3.<\/p>\n<p>Por ahora, m\u00e1s all\u00e1 del aumento Vallejos asegur\u00f3 que \u201cse mantienen las ventas, m\u00e1s que nada por la \u00e9poca en la que estamos, que todo el mundo se junta a comer y se hace un asado, pero hay que ver qu\u00e9 pasa m\u00e1s adelante\u201d.<\/p>\n<p>Finalmente, record\u00f3 que la carnicer\u00eda Al Corte atiende en 66 y 63 todos los d\u00edas de 8 a 13 y de 17.30 a 21.30, y los domingos a la ma\u00f1ana.<\/p>\n","protected":false},"excerpt":{"rendered":"<p>As\u00ed lo manifest\u00f3 Gabriel Vallejos de carnicer\u00eda Al Corte, ubicada en la esquina de 66 y 63. No se registraban aumentos desde abril de 2022 y ahora pueden darse dos con diferencia de siete d\u00edas. El empresario local fue entrevistado por Jorge G\u00f3mez en \u201cVoces de la Ciudad\u201d, donde confirm\u00f3 que \u201cla carne aument\u00f3 el [&hellip;]<\/p>\n","protected":false},"author":3,"featured_media":97062,"comment_status":"closed","ping_status":"closed","sticky":false,"template":"","format":"standard","meta":{"footnotes":""},"categories":[3],"tags":[],"class_list":["post-97135","post","type-post","status-publish","format-standard","has-post-thumbnail","category-masnoticias"],"_links":{"self":[{"href":"https:\/\/primicias2262.com\/noticias\/wp-json\/wp\/v2\/posts\/97135","targetHints":{"allow":["GET"]}}],"collection":[{"href":"https:\/\/primicias2262.com\/noticias\/wp-json\/wp\/v2\/posts"}],"about":[{"href":"https:\/\/primicias2262.com\/noticias\/wp-json\/wp\/v2\/types\/post"}],"author":[{"embeddable":true,"href":"https:\/\/primicias2262.com\/noticias\/wp-json\/wp\/v2\/users\/3"}],"replies":[{"embeddable":true,"href":"https:\/\/primicias2262.com\/noticias\/wp-json\/wp\/v2\/comments?post=97135"}],"version-history":[{"count":0,"href":"https:\/\/primicias2262.com\/noticias\/wp-json\/wp\/v2\/posts\/97135\/revisions"}],"wp:attachment":[{"href":"https:\/\/primicias2262.com\/noticias\/wp-json\/wp\/v2\/media?parent=97135"}],"wp:term":[{"taxonomy":"category","embeddable":true,"href":"https:\/\/primicias2262.com\/noticias\/wp-json\/wp\/v2\/categories?post=97135"},{"taxonomy":"post_tag","embeddable":true,"href":"https:\/\/primicias2262.com\/noticias\/wp-json\/wp\/v2\/tags?post=97135"}],"curies":[{"name":"wp","href":"https:\/\/api.w.org\/{rel}","templated":true}]}}