{"id":97137,"date":"2023-01-30T14:50:41","date_gmt":"2023-01-30T17:50:41","guid":{"rendered":"https:\/\/primicias2262.com\/?p=97137"},"modified":"2023-01-30T14:50:41","modified_gmt":"2023-01-30T17:50:41","slug":"libertad-avanza-en-necochea-la-gente-nos-manifiesta-su-hartazgo-por-la-politica-tradicional","status":"publish","type":"post","link":"https:\/\/primicias2262.com\/noticias\/libertad-avanza-en-necochea-la-gente-nos-manifiesta-su-hartazgo-por-la-politica-tradicional\/","title":{"rendered":"Libertad Avanza en Necochea: \u201cLa gente nos manifiesta su hartazgo por la pol\u00edtica tradicional\u201d"},"content":{"rendered":"<p><strong>As\u00ed lo expres\u00f3 Mariano Valiante, uno de los representantes locales de Javier Milei de cara a las elecciones 2023, y cuyo pre candidato a intendente ser\u00eda Pablo Nosek, quien se suma al espacio desde Valores para mi Pa\u00eds. Ambos pasaron por los estudios de \u201cVoces de la Ciudad\u201d y dialogaron con el periodista Jorge G\u00f3mez.<\/strong><\/p>\n<p>\u201cLa Libertad Avanza Necochea\u201d, se llama el espacio pol\u00edtico local coordinado por Mariano Valiante, y que representa a las ideas del diputado y pre candidato a presidente, Javier Milei. En la oportunidad, Valiante estuvo acompa\u00f1ado por el docente Pablo Nosek, referente local de \u201cValores para mi Pa\u00eds\u201d, espacio que se ha sumado a Libertad Avanza Necochea.<\/p>\n<p>Primeramente, con la idea de representar a Javier Milei en Necochea, quien cuenta ya con un 20% de intenci\u00f3n de voto en la ciudad, Mariano Valiante cont\u00f3 que \u201cestuvimos charlando en octubre con Pablo (Nosek) donde le cont\u00e9 el proyecto que ten\u00edamos para este a\u00f1o en Necochea con Libertad Avanza que llevar\u00e1 a Milei como candidato a presidente. En ese momento Pablo dej\u00f3 la puerta abierta, no dijo s\u00ed ni no, pero en enero retom\u00e9 la charla con insistencia y Pablo acept\u00f3 sumarse con su partido vecinalista Valores para mi Pa\u00eds, y para m\u00ed es sumamente gratificante que todos los espacios que quieran integrar se vayan sumando\u201d.<\/p>\n<p>Acerca de c\u00f3mo va el proyecto, Valiante relat\u00f3 que \u201cen Mar del Plata nos fue muy bien, estuvimos con Javier (Milei) y tuvimos una breve charla, lo invitamos a venir a Necochea , formamos parte de su caminata y nos vinimos contentos con esa experiencia\u201d, tras lo cual \u201cabrimos una convocatoria con un ciclo que llamamos \u201cDespertando Leones\u201d, que se hizo en el Club Necochense en la calle 61 y 14 y tuvimos una concurrencia bastante exitosa, fue de forma espont\u00e1nea\u201d.<\/p>\n<p>Mariano acot\u00f3 que tambi\u00e9n est\u00e1n en Instagram como La Libertad Avanza Necochea, y se\u00f1al\u00f3 que \u201cla gente que se acerc\u00f3 al Necochense nos manifest\u00f3 el hartazgo que tienen por la pol\u00edtica tradicional, y nosotros con Pablo nos presentamos y comentamos el proyecto que tenemos para Necochea. Esto se va a seguir realizando cada 15 d\u00edas\u201d.<\/p>\n<p>En lo que compete a su parte, Valiante adelant\u00f3 que \u201cuna de las claves de Milei es que nos ense\u00f1\u00f3 a hablar de econom\u00eda, a combatir la inflaci\u00f3n\u2026 y Javier Milei tiene la soluci\u00f3n para combatir la inflaci\u00f3n\u201d, para acotar a nivel local que \u201ces muy importante que no le pisemos la cabeza al que emprende, labura, es benefactor social y quiere progresar\u201d.<\/p>\n<p>Por su parte, Nosek fue consultado si ser\u00e1 el pre candidato a intendente en las elecciones primarias del 13 de agosto, con el objetivo de pasar el 1,5% y estar en la general del 22 de octubre, tras lo cual confirm\u00f3: \u201cEstamos hablando, conformando mesas de trabajo y agrup\u00e1ndonos, es una corriente fuerte la de Javier Milei y seguramente est\u00e9 como pre candidato. Nunca fui candidato a intendente, pero si el espacio lo necesita yo seguramente sea, siempre mi intenci\u00f3n es trabajar en pol\u00edtica porque se trata de coronar el trabajo con la intenci\u00f3n de ayudar a la sociedad\u201d.<\/p>\n<p>Al instante, acot\u00f3 Nosek que \u201clo importante del espacio de Milei es que nos da la posibilidad de trabajar el vecinalismo en el plano local, desde 2017 nosotros ven\u00edamos hablando de lo mismo desde Valores, diciendo que tiene que haber una reforma en la pol\u00edtica pero no en los papeles, sino desde los participantes en la pol\u00edtica, y ese cambio ser\u00e1 imposible si no se involucra el vecino, porque si no siempre van a ser los mismos y nunca se produce el cambio verdadero. La sociedad est\u00e1 harta hace a\u00f1os, pero tambi\u00e9n tiene que mirarlo con autocr\u00edtica porque los que ejercen cargos en el Poder Legislativo son los que vot\u00f3 el pueblo\u201d.<\/p>\n<p>\u201cComo partido vecinalista desde hace a\u00f1os planteamos la autonom\u00eda financiera de los distritos, lo cual es ley y no se cumple, como se hace en otras provincias. Y otra cosa, hay que implementar la boleta \u00fanica de papel, que terminar\u00eda con las \u201cpymes pol\u00edticas\u201d y que se acaben los negocios de unos pocos\u201d, coment\u00f3 Nosek en el cierre.<\/p>\n","protected":false},"excerpt":{"rendered":"<p>As\u00ed lo expres\u00f3 Mariano Valiante, uno de los representantes locales de Javier Milei de cara a las elecciones 2023, y cuyo pre candidato a intendente ser\u00eda Pablo Nosek, quien se suma al espacio desde Valores para mi Pa\u00eds. Ambos pasaron por los estudios de \u201cVoces de la Ciudad\u201d y dialogaron con el periodista Jorge G\u00f3mez. [&hellip;]<\/p>\n","protected":false},"author":3,"featured_media":97138,"comment_status":"closed","ping_status":"closed","sticky":false,"template":"","format":"standard","meta":{"footnotes":""},"categories":[3],"tags":[],"class_list":["post-97137","post","type-post","status-publish","format-standard","has-post-thumbnail","category-masnoticias"],"_links":{"self":[{"href":"https:\/\/primicias2262.com\/noticias\/wp-json\/wp\/v2\/posts\/97137","targetHints":{"allow":["GET"]}}],"collection":[{"href":"https:\/\/primicias2262.com\/noticias\/wp-json\/wp\/v2\/posts"}],"about":[{"href":"https:\/\/primicias2262.com\/noticias\/wp-json\/wp\/v2\/types\/post"}],"author":[{"embeddable":true,"href":"https:\/\/primicias2262.com\/noticias\/wp-json\/wp\/v2\/users\/3"}],"replies":[{"embeddable":true,"href":"https:\/\/primicias2262.com\/noticias\/wp-json\/wp\/v2\/comments?post=97137"}],"version-history":[{"count":0,"href":"https:\/\/primicias2262.com\/noticias\/wp-json\/wp\/v2\/posts\/97137\/revisions"}],"wp:attachment":[{"href":"https:\/\/primicias2262.com\/noticias\/wp-json\/wp\/v2\/media?parent=97137"}],"wp:term":[{"taxonomy":"category","embeddable":true,"href":"https:\/\/primicias2262.com\/noticias\/wp-json\/wp\/v2\/categories?post=97137"},{"taxonomy":"post_tag","embeddable":true,"href":"https:\/\/primicias2262.com\/noticias\/wp-json\/wp\/v2\/tags?post=97137"}],"curies":[{"name":"wp","href":"https:\/\/api.w.org\/{rel}","templated":true}]}}