{"id":97143,"date":"2023-01-30T14:54:31","date_gmt":"2023-01-30T17:54:31","guid":{"rendered":"https:\/\/primicias2262.com\/?p=97143"},"modified":"2023-01-30T14:54:31","modified_gmt":"2023-01-30T17:54:31","slug":"conoce-a-la-compania-phaway-y-el-espectaculo-que-brindara-por-el-festival-infantil","status":"publish","type":"post","link":"https:\/\/primicias2262.com\/noticias\/conoce-a-la-compania-phaway-y-el-espectaculo-que-brindara-por-el-festival-infantil\/","title":{"rendered":"Conoc\u00e9 a la Compa\u00f1\u00eda PhaWay y el espect\u00e1culo que brindar\u00e1 por el Festival Infantil"},"content":{"rendered":"<p><strong>\u00abLa Compa\u00f1\u00eda Phaway es un espect\u00e1culo distinto que se monta para toda la familia\u00bb. As\u00ed lo adelant\u00f3 el director de la compa\u00f1\u00eda bonaerense que abrir\u00e1 el 62\u00ba Festival Infantil de Necochea, Gonzalo Crespo, quien adem\u00e1s cont\u00f3 parte de la historia de PhaWay y la puesta en escena con que se encontrar\u00e1n los necochenses y turistas este jueves en el Festival\u00f3dromo.<\/strong><\/p>\n<p>Comenz\u00f3 la semana del 62\u00ba Festival Infantil de la ciudad y ya empieza a palpitarse lo que ser\u00e1 ni m\u00e1s ni menos que la jornada inaugural del venidero jueves 2 de febrero en el Festival\u00f3dromo del Parque Miguel Lillo, con la presentaci\u00f3n especial de la Compa\u00f1\u00eda PhaWay a partir de las 21.<\/p>\n<p><a href=\"https:\/\/primicias2262.com\/wp-content\/uploads\/2023\/01\/FOTO-Compania-Phaway.jpg\"><img loading=\"lazy\" decoding=\"async\" class=\"aligncenter size-large wp-image-97144\" src=\"https:\/\/primicias2262.com\/wp-content\/uploads\/2023\/01\/FOTO-Compania-Phaway-1024x708.jpg\" alt=\"\" width=\"696\" height=\"481\" \/><\/a>En su p\u00e1gina oficial de Facebook, la compa\u00f1\u00eda bonaerense se describe como un show sensorial de gran puesta en escena, con m\u00fasica en vivo, acrobacia en altura y con intervenciones atrapantes y novedosas, pero desde la Direcci\u00f3n de Prensa de la comuna se tom\u00f3 contacto con el director de PhaWay, Gonzalo Crespo, quien adem\u00e1s revel\u00f3 que es un espect\u00e1culo que se monta para toda la familia, lo que es sumamente compatible con el esp\u00edritu de nuestro Festival Infantil.<\/p>\n<p>Informando antes que nada que PhaWay es un t\u00e9rmino que viene del Quechua, se pronuncia \u201cpaway\u201d y significa volar o volado, Gonzalo Crespo se\u00f1al\u00f3 que \u201ca cada festival nuevo que vamos las expectativas son altas, y principalmente por llevar un espect\u00e1culo distinto a la gente al que por ah\u00ed est\u00e1n acostumbrados a ver en general, y sin dudas lo van a disfrutar\u201d.<\/p>\n<p>\u201cSi bien es el Festival Infantil, es un espect\u00e1culo que se monta y se presenta para toda la familia\u2026 el show verdaderamente es para toda la familia, nosotros giramos nacionalmente e internacionalmente y en cada show que presentamos hay gente de todas las edades vi\u00e9ndolo\u201d, asegur\u00f3 el director.<\/p>\n<p><a href=\"https:\/\/primicias2262.com\/wp-content\/uploads\/2023\/01\/PLACA-Festival-jueves-2.jpeg\"><img loading=\"lazy\" decoding=\"async\" class=\"aligncenter size-large wp-image-97146\" src=\"https:\/\/primicias2262.com\/wp-content\/uploads\/2023\/01\/PLACA-Festival-jueves-2-1024x1024.jpeg\" alt=\"\" width=\"696\" height=\"696\" \/><\/a><\/p>\n<p>Respecto a la puesta en escena y lo que se ver\u00e1 el jueves, adelant\u00f3 a grandes rasgos que \u201cla Compa\u00f1\u00eda produce espect\u00e1culos a\u00e9reos y musicales, va a estar tocando en vivo una banda que va a acompa\u00f1ar durante todo el show mientras se presentan distintas intervenciones a\u00e9reas con acr\u00f3batas colgando de la gr\u00faa y distintos materiales que utilizamos para todo el desarrollo del show\u201d.<\/p>\n<p>Asimismo, Crespo asegur\u00f3 que \u201cse trabaja mucho con la intervenci\u00f3n del p\u00fablico y el p\u00fablico va ser parte del espect\u00e1culo, y tambi\u00e9n suceden cuestiones acrob\u00e1ticas de piso\u201d, tras lo que aclar\u00f3 que \u201cnosotros decimos que es un espect\u00e1culo de alto impacto, ya que se trabaja con acrobacias en una gr\u00faa en altura y mucha gente no est\u00e1 acostumbrada a ver acr\u00f3batas colgando de una gr\u00faa\u201d.<\/p>\n<p><a href=\"https:\/\/primicias2262.com\/wp-content\/uploads\/2023\/01\/PLACA-PhaWay.jpeg\"><img loading=\"lazy\" decoding=\"async\" class=\"aligncenter size-large wp-image-97147\" src=\"https:\/\/primicias2262.com\/wp-content\/uploads\/2023\/01\/PLACA-PhaWay-1024x1024.jpeg\" alt=\"\" width=\"696\" height=\"696\" \/><\/a><\/p>\n<p>Finalmente, Gonzal\u00f3 Crespo apunt\u00f3 que \u201choy justamente est\u00e1bamos viendo que ten\u00edamos guardado un archivo del primer show que hicimos, que fue en San Jorge, provincia de Santa Fe, para un festejo del 9 de julio, y fue en 2016\u201d, y \u201cdesde all\u00ed por suerte hemos recorrido distintos festivales a nivel nacional y hemos hecho presentaciones en grandes festivales de M\u00e9xico, que tiene mucho lo que se llama teatro de calle, y estos son espect\u00e1culos de teatro de calle\u201d, concluy\u00f3.<\/p>\n","protected":false},"excerpt":{"rendered":"<p>\u00abLa Compa\u00f1\u00eda Phaway es un espect\u00e1culo distinto que se monta para toda la familia\u00bb. As\u00ed lo adelant\u00f3 el director de la compa\u00f1\u00eda bonaerense que abrir\u00e1 el 62\u00ba Festival Infantil de Necochea, Gonzalo Crespo, quien adem\u00e1s cont\u00f3 parte de la historia de PhaWay y la puesta en escena con que se encontrar\u00e1n los necochenses y turistas [&hellip;]<\/p>\n","protected":false},"author":3,"featured_media":97145,"comment_status":"closed","ping_status":"closed","sticky":false,"template":"","format":"standard","meta":{"footnotes":""},"categories":[3],"tags":[],"class_list":["post-97143","post","type-post","status-publish","format-standard","has-post-thumbnail","category-masnoticias"],"_links":{"self":[{"href":"https:\/\/primicias2262.com\/noticias\/wp-json\/wp\/v2\/posts\/97143","targetHints":{"allow":["GET"]}}],"collection":[{"href":"https:\/\/primicias2262.com\/noticias\/wp-json\/wp\/v2\/posts"}],"about":[{"href":"https:\/\/primicias2262.com\/noticias\/wp-json\/wp\/v2\/types\/post"}],"author":[{"embeddable":true,"href":"https:\/\/primicias2262.com\/noticias\/wp-json\/wp\/v2\/users\/3"}],"replies":[{"embeddable":true,"href":"https:\/\/primicias2262.com\/noticias\/wp-json\/wp\/v2\/comments?post=97143"}],"version-history":[{"count":0,"href":"https:\/\/primicias2262.com\/noticias\/wp-json\/wp\/v2\/posts\/97143\/revisions"}],"wp:attachment":[{"href":"https:\/\/primicias2262.com\/noticias\/wp-json\/wp\/v2\/media?parent=97143"}],"wp:term":[{"taxonomy":"category","embeddable":true,"href":"https:\/\/primicias2262.com\/noticias\/wp-json\/wp\/v2\/categories?post=97143"},{"taxonomy":"post_tag","embeddable":true,"href":"https:\/\/primicias2262.com\/noticias\/wp-json\/wp\/v2\/tags?post=97143"}],"curies":[{"name":"wp","href":"https:\/\/api.w.org\/{rel}","templated":true}]}}