{"id":97152,"date":"2023-01-30T13:59:36","date_gmt":"2023-01-30T16:59:36","guid":{"rendered":"https:\/\/primicias2262.com\/?p=97152"},"modified":"2023-01-30T13:59:36","modified_gmt":"2023-01-30T16:59:36","slug":"los-veraneantes-disfrutaron-del-colorido-de-cultura-rodante","status":"publish","type":"post","link":"https:\/\/primicias2262.com\/noticias\/los-veraneantes-disfrutaron-del-colorido-de-cultura-rodante\/","title":{"rendered":"Los veraneantes disfrutaron del colorido de \u201cCultura Rodante\u201d"},"content":{"rendered":"<p><strong>Con muchas familias disfrutando del evento y la visita del intendente Arturo Rojas, en la tarde de este domingo se desarroll\u00f3 una jornada recreativa en el sector verde lindero a la Rambla Municipal, en el marco de la llegada a la ciudad de Necochea del programa Cultura Rodante, que estuvo flanqueada por m\u00faltiples actividades aportadas por el municipio.<\/strong><\/p>\n<p>Destinado especialmente a la ni\u00f1ez, el evento en el que se destac\u00f3 la participaci\u00f3n del m\u00f3vil del Instituto Cultural bonaerense comenz\u00f3 alrededor de las 18, cuando el sol todav\u00eda se hac\u00eda sentir, y se prolong\u00f3 hasta pasadas las 22 por la gran demanda de los vecinos y turistas que se fueron acercando al lugar a medida que sub\u00edan desde la playa.<\/p>\n<p>Los sectores de juegos, lectura y arte aportados por la entidad provincial estuvieron acompa\u00f1ados por la Oficina M\u00f3vil, donde la comuna atiende los reclamos barriales de manera itinerante, y distintas postas que reflejaron el trabajo que se hace desde lo local para satisfacer la demanda cultural y recreativa de los m\u00e1s peque\u00f1os, con los ojos puestos ya en la 62\u00aa edici\u00f3n del Festival Infantil.<\/p>\n<p><a href=\"https:\/\/primicias2262.com\/wp-content\/uploads\/2023\/01\/FOTO-Cultura-Rodante2.jpeg\"><img loading=\"lazy\" decoding=\"async\" class=\"aligncenter size-large wp-image-97154\" src=\"https:\/\/primicias2262.com\/wp-content\/uploads\/2023\/01\/FOTO-Cultura-Rodante2-1024x682.jpeg\" alt=\"\" width=\"696\" height=\"464\" \/><\/a>As\u00ed, cobr\u00f3 gran notoriedad la cl\u00e1sica puesta en escena del programa Barrio Cultura, que despleg\u00f3 decenas de atriles y pinturas para que los ni\u00f1os y las ni\u00f1as volcaran su arte en el papel; tanto como la estaci\u00f3n de juegos did\u00e1cticos planificada por la Direcci\u00f3n de Educaci\u00f3n.<\/p>\n<p>Escoltando a estas acciones organizadas por las \u00e1reas dependientes de la Secretar\u00eda de Desarrollo Humano y Pol\u00edticas Sociales, se sum\u00f3 una zona infantil para concientizar sobre educaci\u00f3n vial, un programa que, desde Gobierno, la subsecretar\u00eda de Movilidad Urbana y Seguridad Vial viene implementando a lo largo del a\u00f1o en distintas instituciones educativas y localidades del interior del partido.<\/p>\n<p>Adem\u00e1s, para terminar de dar colorido a todo el montaje, se instalaron gazebos en los que se reparti\u00f3 una agenda cultural y en donde los visitantes pudieron acceder a la informaci\u00f3n tur\u00edstica y las ofertas p\u00fablicas y privadas para esta temporada veraniega.<\/p>\n<p><a href=\"https:\/\/primicias2262.com\/wp-content\/uploads\/2023\/01\/FOTO-Cultura-Rodante3.jpeg\"><img loading=\"lazy\" decoding=\"async\" class=\"aligncenter size-large wp-image-97155\" src=\"https:\/\/primicias2262.com\/wp-content\/uploads\/2023\/01\/FOTO-Cultura-Rodante3-1024x682.jpeg\" alt=\"\" width=\"696\" height=\"464\" \/><\/a>En el otro extremo del circuito, el m\u00f3vil del Registro Nacional de las Personas que permanecer\u00e1 en la ciudad hasta el pr\u00f3ximo 12 de febrero estuvo desplegando su operativo de documentaci\u00f3n itinerante. All\u00ed, los interesados en renovar su DNI, Pasaporte o Certificado de Pre-Identificaci\u00f3n pueden acercarse todos los d\u00edas en doble turno: de 9 a 13 o de 17 a 21 horas.<\/p>\n<p>Y sobre la mitad de la jornada, la alegr\u00eda de los malabares, la acrobacia y el humor le termin\u00f3 de poner el condimento de color al evento. El show del Circo Latin D\u00fao se present\u00f3 convocando a decenas de peque\u00f1os a su alrededor y les regal\u00f3 el m\u00e1s preciado de los obsequios: una gran sonrisa.<\/p>\n<p>El Intendente, en su recorrida por el lugar, salud\u00f3 a los funcionarios encargados de traer el programa provincial al distrito y felicit\u00f3 a los responsables de la organizaci\u00f3n en lo que al municipio ata\u00f1\u00f3; seguido de cerca por las directoras de Educaci\u00f3n y de Relaciones P\u00fablicas e Institucionales, Mariela Cellerino y Manuela Fittipaldi, respectivamente, y su par de Cultura, Juan Gamba.<\/p>\n","protected":false},"excerpt":{"rendered":"<p>Con muchas familias disfrutando del evento y la visita del intendente Arturo Rojas, en la tarde de este domingo se desarroll\u00f3 una jornada recreativa en el sector verde lindero a la Rambla Municipal, en el marco de la llegada a la ciudad de Necochea del programa Cultura Rodante, que estuvo flanqueada por m\u00faltiples actividades aportadas [&hellip;]<\/p>\n","protected":false},"author":3,"featured_media":97153,"comment_status":"closed","ping_status":"closed","sticky":false,"template":"","format":"standard","meta":{"footnotes":""},"categories":[3],"tags":[],"class_list":["post-97152","post","type-post","status-publish","format-standard","has-post-thumbnail","category-masnoticias"],"_links":{"self":[{"href":"https:\/\/primicias2262.com\/noticias\/wp-json\/wp\/v2\/posts\/97152","targetHints":{"allow":["GET"]}}],"collection":[{"href":"https:\/\/primicias2262.com\/noticias\/wp-json\/wp\/v2\/posts"}],"about":[{"href":"https:\/\/primicias2262.com\/noticias\/wp-json\/wp\/v2\/types\/post"}],"author":[{"embeddable":true,"href":"https:\/\/primicias2262.com\/noticias\/wp-json\/wp\/v2\/users\/3"}],"replies":[{"embeddable":true,"href":"https:\/\/primicias2262.com\/noticias\/wp-json\/wp\/v2\/comments?post=97152"}],"version-history":[{"count":0,"href":"https:\/\/primicias2262.com\/noticias\/wp-json\/wp\/v2\/posts\/97152\/revisions"}],"wp:attachment":[{"href":"https:\/\/primicias2262.com\/noticias\/wp-json\/wp\/v2\/media?parent=97152"}],"wp:term":[{"taxonomy":"category","embeddable":true,"href":"https:\/\/primicias2262.com\/noticias\/wp-json\/wp\/v2\/categories?post=97152"},{"taxonomy":"post_tag","embeddable":true,"href":"https:\/\/primicias2262.com\/noticias\/wp-json\/wp\/v2\/tags?post=97152"}],"curies":[{"name":"wp","href":"https:\/\/api.w.org\/{rel}","templated":true}]}}