{"id":97157,"date":"2023-01-31T10:50:09","date_gmt":"2023-01-31T13:50:09","guid":{"rendered":"https:\/\/primicias2262.com\/?p=97157"},"modified":"2023-01-31T10:50:09","modified_gmt":"2023-01-31T13:50:09","slug":"voces-de-la-ciudad-se-sumo-a-agenda-necochense-por-la-frecuencia-730-de-woplay","status":"publish","type":"post","link":"https:\/\/primicias2262.com\/noticias\/voces-de-la-ciudad-se-sumo-a-agenda-necochense-por-la-frecuencia-730-de-woplay\/","title":{"rendered":"Voces de la Ciudad se sum\u00f3 a Agenda Necochense por la frecuencia 730 de Woplay"},"content":{"rendered":"<p><strong>Agenda Necochense es el proyecto televisivo plenamente local que lleva adelante el realizador Roberto Nebot, que a partir de esta semana suma a su grilla la propuesta del programa radial y f\u00edlmico \u201cVoces de la Ciudad\u201d, con la conducci\u00f3n del periodista Jorge G\u00f3mez. A diario, se puede seguir de 7 a 11 por la frecuencia 730 de Woplay, a trav\u00e9s de air fibr, que es la fibra de Astesano Inform\u00e1tica.<\/strong><\/p>\n<p>En el aire de \u201cVoces de la Ciudad\u201d, el propio \u201cTito\u201d Nebot describi\u00f3 que \u201cha explotado el tel\u00e9fono con felicitaciones por sumar a Voces\u201d, y con entusiasmo sostuvo que \u201ccon el tiempo vamos a proponer e imponer la vuelta del cable a la ciudad\u201d.<\/p>\n<p>En tal sentido, vale destacar que Woplay ha confiado en Agenda Necochense, que es el canal por streaming y cable con emisi\u00f3n las 24 horas, y en esa grilla \u201cVoces de la Ciudad\u201d va de 7 a 11 de la ma\u00f1ana por la frecuencia 730 de Woplay a trav\u00e9s de air fibra, que es la fibra de Astesano Inform\u00e1tica.<\/p>\n<p>\u201cEl pasado 2 de agosto del a\u00f1o pasado a ra\u00edz de la acefal\u00eda que qued\u00f3 en la televisi\u00f3n local (con el cierre de TSN) empezamos a pensar algo digno para la gente, llevar adelante una programaci\u00f3n de los que est\u00e1bamos insertos en el canal local y lo logramos de a poco, tratando de imponer Agenda Necocheanse con un aplicaci\u00f3n en play store que se baja directamente al celular\u201d, recapitul\u00f3 Nebot.<\/p>\n<p>Y ahora \u201csali\u00f3 gracias a tu inserci\u00f3n con Astesano la posibilidad de sumarnos a la \u00fanica se\u00f1al local que va a tener la ciudad, y logramos ajustar y proponerle a la gente que se sume a esta propuesta de 24 horas\u201d, acot\u00f3 Tito, palpitando que \u201centendemos que va a ser la revoluci\u00f3n del cable en la ciudad\u201d.<\/p>\n<p>\u201cEsto es algo anhelado desde hace mucho tiempo, hace 35 a\u00f1os que hago televisi\u00f3n independiente dentro de la ciudad y la regi\u00f3n, y tengo la satisfacci\u00f3n y la felicidad plena de llevar adelante lo que toda mi vida so\u00f1\u00e9\u201d, concluy\u00f3 el due\u00f1o de Filmaster.<\/p>\n<p><a href=\"https:\/\/primicias2262.com\/wp-content\/uploads\/2023\/01\/WhatsApp-Image-2023-01-30-at-2.48.13-PM2.jpeg\"><img loading=\"lazy\" decoding=\"async\" class=\"aligncenter size-full wp-image-97140\" src=\"https:\/\/primicias2262.com\/wp-content\/uploads\/2023\/01\/WhatsApp-Image-2023-01-30-at-2.48.13-PM2.jpeg\" alt=\"\" width=\"576\" height=\"1024\" \/><\/a><\/p>\n","protected":false},"excerpt":{"rendered":"<p>Agenda Necochense es el proyecto televisivo plenamente local que lleva adelante el realizador Roberto Nebot, que a partir de esta semana suma a su grilla la propuesta del programa radial y f\u00edlmico \u201cVoces de la Ciudad\u201d, con la conducci\u00f3n del periodista Jorge G\u00f3mez. A diario, se puede seguir de 7 a 11 por la frecuencia [&hellip;]<\/p>\n","protected":false},"author":3,"featured_media":97158,"comment_status":"closed","ping_status":"closed","sticky":false,"template":"","format":"standard","meta":{"footnotes":""},"categories":[3],"tags":[],"class_list":["post-97157","post","type-post","status-publish","format-standard","has-post-thumbnail","category-masnoticias"],"_links":{"self":[{"href":"https:\/\/primicias2262.com\/noticias\/wp-json\/wp\/v2\/posts\/97157","targetHints":{"allow":["GET"]}}],"collection":[{"href":"https:\/\/primicias2262.com\/noticias\/wp-json\/wp\/v2\/posts"}],"about":[{"href":"https:\/\/primicias2262.com\/noticias\/wp-json\/wp\/v2\/types\/post"}],"author":[{"embeddable":true,"href":"https:\/\/primicias2262.com\/noticias\/wp-json\/wp\/v2\/users\/3"}],"replies":[{"embeddable":true,"href":"https:\/\/primicias2262.com\/noticias\/wp-json\/wp\/v2\/comments?post=97157"}],"version-history":[{"count":0,"href":"https:\/\/primicias2262.com\/noticias\/wp-json\/wp\/v2\/posts\/97157\/revisions"}],"wp:attachment":[{"href":"https:\/\/primicias2262.com\/noticias\/wp-json\/wp\/v2\/media?parent=97157"}],"wp:term":[{"taxonomy":"category","embeddable":true,"href":"https:\/\/primicias2262.com\/noticias\/wp-json\/wp\/v2\/categories?post=97157"},{"taxonomy":"post_tag","embeddable":true,"href":"https:\/\/primicias2262.com\/noticias\/wp-json\/wp\/v2\/tags?post=97157"}],"curies":[{"name":"wp","href":"https:\/\/api.w.org\/{rel}","templated":true}]}}