{"id":97162,"date":"2023-01-31T14:55:11","date_gmt":"2023-01-31T17:55:11","guid":{"rendered":"https:\/\/primicias2262.com\/?p=97162"},"modified":"2023-01-31T14:55:11","modified_gmt":"2023-01-31T17:55:11","slug":"loberia-cumple-132-anos-la-ciudad-transita-una-etapa-de-transformacion-y-se-prepara-para-consolidar-un-desarrollo","status":"publish","type":"post","link":"https:\/\/primicias2262.com\/noticias\/loberia-cumple-132-anos-la-ciudad-transita-una-etapa-de-transformacion-y-se-prepara-para-consolidar-un-desarrollo\/","title":{"rendered":"\u00abLober\u00eda transita una etapa de transformaci\u00f3n y se prepara para consolidar un desarrollo\u00bb"},"content":{"rendered":"<p><strong>As\u00ed lo afirm\u00f3 en \u201cVoces de la Ciudad\u201d el intendente de Lober\u00eda, Juan Jos\u00e9 Fioramonti, al cumplirse este martes 31 de enero el 132\u00ba Aniversario de la vecina ciudad.<\/strong><\/p>\n<p>Ante una nota telef\u00f3nica realizada por el periodista Jorge G\u00f3mez, el jefe comunal de Lober\u00eda hizo hincapi\u00e9 en la educaci\u00f3n y apost\u00f3 fuertemente al desarrollo de la regi\u00f3n, donde ubica a Necochea como punta de lanza. \u201cNecochea es una prima hermana, hay una historia que nos une\u201d, resalt\u00f3.<\/p>\n<p>Primeramente, Fioramonti analiz\u00f3 en este d\u00eda de cumplea\u00f1os para Lober\u00eda que \u201cest\u00e1 transitando una etapa de transformaci\u00f3n y prepar\u00e1ndose para consolidar un desarrollo, pero no solo de Lober\u00eda sino de la regi\u00f3n, con una zona que tiene condiciones naturales pero que se est\u00e1 descubriendo con otras caracter\u00edsticas. Lober\u00eda, Necochea, Balcarce, Miramar, Tandil, San Cayetano, hay un antes y un despu\u00e9s\u201d.<a href=\"https:\/\/primicias2262.com\/wp-content\/uploads\/2021\/03\/fioramonti-hcd-lob.jpg\"><img loading=\"lazy\" decoding=\"async\" class=\"aligncenter size-full wp-image-73834\" src=\"https:\/\/primicias2262.com\/wp-content\/uploads\/2021\/03\/fioramonti-hcd-lob.jpg\" alt=\"\" width=\"1620\" height=\"1080\" \/><\/a>Argument\u00f3 que \u201ctenemos un r\u00edo \u00fanico en la provincia como el R\u00edo Quequ\u00e9n, ning\u00fan otro r\u00edo tiene las caracter\u00edsticas naturales como este, y la salida a un puerto que es el m\u00e1s importante de la Provincia de Buenos Aires, o d\u00f3nde est\u00e1n las mejores playas de la Provincia\u2026 \u00a0cuando uno repasa estos puntos dice: esta regi\u00f3n con este potencial tiene que transformar y generar oportunidades\u201d.<\/p>\n<p>En ese contexto, el Intendente hizo un fuerte \u00e9nfasis en la educaci\u00f3n: \u201cLos desaf\u00edos son a trav\u00e9s del \u00e1rea del conocimiento, hoy hay 240 j\u00f3venes loberenses que van a ingresar en el nuevo ciclo e inician una oferta educativa que se va a dictar en Lober\u00eda, m\u00e1s 180 que ya vienen, as\u00ed que en estos momentos hay que invertir recursos para la formaci\u00f3n y brindar oportunidades a nuestros j\u00f3venes, el cambio lo tenemos que hacer de abajo hacia arriba. Las universidades los preparan y luego los capacitan para que ellos sean los profesores en sus propias comunidades y esto para m\u00ed es lo que genera un antes y un despu\u00e9s\u201d.<\/p>\n<p><a href=\"https:\/\/primicias2262.com\/wp-content\/uploads\/2023\/01\/WhatsApp-Image-2023-01-31-at-2.52.56-PM.jpeg\"><img loading=\"lazy\" decoding=\"async\" class=\"aligncenter size-full wp-image-97166\" src=\"https:\/\/primicias2262.com\/wp-content\/uploads\/2023\/01\/WhatsApp-Image-2023-01-31-at-2.52.56-PM.jpeg\" alt=\"\" width=\"941\" height=\"664\" \/><\/a>Ampli\u00f3 acto seguido que \u201ccuando llegue el momento de darle valor agregado con desarrollo de empresas que se instalen en nuestro distrito, lo que vamos a necesitar es recurso humano y si lo tenemos preparado vamos a tener esas caracter\u00edsticas que nos diferencian, y ah\u00ed es donde articulamos con ciudades de la regi\u00f3n: Balcarce, Tandil, Necochea. Creo que somos socios estrat\u00e9gicos y Necochea es punta de lanza\u201d.<\/p>\n<p>Asimismo, se refiri\u00f3 a la importancia del vecino, al afirmar que \u201cel ciudadano puede ser pasivo y esperar que un intendente tome las decisiones por \u00e9l o involucrarse en la organizaci\u00f3n intermedia y movilizar, so\u00f1ar a lo grande, ya que no todo tiene que ser desde la funci\u00f3n p\u00fablica y la pol\u00edtica partidaria\u201d.<\/p>\n<p>\u201cEsta regi\u00f3n es la m\u00e1s rica de la Provincia de Buenos Aires y debe traccionar la provincia\u201d, argument\u00f3, y de forma ret\u00f3rica se pregunt\u00f3 \u201ccu\u00e1l es el mejor puerto de la provincia, o d\u00f3nde est\u00e1n las mejores playas, qu\u00e9 podemos envidiarle a otra regi\u00f3n\u2026 tenemos que ponernos de pie y marcar nuestra presencia, y ah\u00ed depende de los l\u00edderes y las comunidades que forman esos l\u00edderes, que son las instituciones intermedias\u201d.<\/p>\n","protected":false},"excerpt":{"rendered":"<p>As\u00ed lo afirm\u00f3 en \u201cVoces de la Ciudad\u201d el intendente de Lober\u00eda, Juan Jos\u00e9 Fioramonti, al cumplirse este martes 31 de enero el 132\u00ba Aniversario de la vecina ciudad. Ante una nota telef\u00f3nica realizada por el periodista Jorge G\u00f3mez, el jefe comunal de Lober\u00eda hizo hincapi\u00e9 en la educaci\u00f3n y apost\u00f3 fuertemente al desarrollo de [&hellip;]<\/p>\n","protected":false},"author":3,"featured_media":95212,"comment_status":"closed","ping_status":"closed","sticky":false,"template":"","format":"standard","meta":{"footnotes":""},"categories":[3],"tags":[],"class_list":["post-97162","post","type-post","status-publish","format-standard","has-post-thumbnail","category-masnoticias"],"_links":{"self":[{"href":"https:\/\/primicias2262.com\/noticias\/wp-json\/wp\/v2\/posts\/97162","targetHints":{"allow":["GET"]}}],"collection":[{"href":"https:\/\/primicias2262.com\/noticias\/wp-json\/wp\/v2\/posts"}],"about":[{"href":"https:\/\/primicias2262.com\/noticias\/wp-json\/wp\/v2\/types\/post"}],"author":[{"embeddable":true,"href":"https:\/\/primicias2262.com\/noticias\/wp-json\/wp\/v2\/users\/3"}],"replies":[{"embeddable":true,"href":"https:\/\/primicias2262.com\/noticias\/wp-json\/wp\/v2\/comments?post=97162"}],"version-history":[{"count":0,"href":"https:\/\/primicias2262.com\/noticias\/wp-json\/wp\/v2\/posts\/97162\/revisions"}],"wp:attachment":[{"href":"https:\/\/primicias2262.com\/noticias\/wp-json\/wp\/v2\/media?parent=97162"}],"wp:term":[{"taxonomy":"category","embeddable":true,"href":"https:\/\/primicias2262.com\/noticias\/wp-json\/wp\/v2\/categories?post=97162"},{"taxonomy":"post_tag","embeddable":true,"href":"https:\/\/primicias2262.com\/noticias\/wp-json\/wp\/v2\/tags?post=97162"}],"curies":[{"name":"wp","href":"https:\/\/api.w.org\/{rel}","templated":true}]}}