{"id":97168,"date":"2023-01-31T15:04:12","date_gmt":"2023-01-31T18:04:12","guid":{"rendered":"https:\/\/primicias2262.com\/?p=97168"},"modified":"2023-01-31T15:04:12","modified_gmt":"2023-01-31T18:04:12","slug":"nueva-obra-de-digitalizacion-para-el-hospital-ferreyra-y-donaciones-de-la-cooperadora","status":"publish","type":"post","link":"https:\/\/primicias2262.com\/noticias\/nueva-obra-de-digitalizacion-para-el-hospital-ferreyra-y-donaciones-de-la-cooperadora\/","title":{"rendered":"Nueva obra de digitalizaci\u00f3n para el Hospital Ferreyra y donaciones de la Cooperadora"},"content":{"rendered":"<p><strong>Gracias a un arduo trabajo en conjunto entre la Cooperadora del Hospital Municipal \u201cEmilio Ferreyra\u201d y el Departamento Ejecutivo Municipal, encabezado por el intendente Arturo Rojas, este martes qued\u00f3 inaugurada la nueva obra de conectividad y digitalizaci\u00f3n en el nosocomio local. Adem\u00e1s, la jornada fue propicia para presentar donaciones de elementos tecnol\u00f3gicos y dem\u00e1s materiales realizadas por la propia Cooperadora.<\/strong><\/p>\n<p>El acto fue encabezado por la secretaria de Salud, Andrea Perestiuk; junto a la directora del hospital, Vilma Parodi; el director de C\u00f3mputos de la comuna, Ricardo Penna; y gran parte de la comisi\u00f3n de la Asociaci\u00f3n Cooperadora, que encar\u00f3 una inversi\u00f3n superior a los seis millones de pesos para la compra de materiales e instalaci\u00f3n del nuevo sistema que permitir\u00e1 llevar a cabo la historia cl\u00ednica digital de los pacientes e integrar al hospital a la red de digitalizaci\u00f3n que ya componen algo m\u00e1s 30 efectores de salud de municipios de la Provincia de Buenos Aires.<\/p>\n<p>Resaltando la magnitud de lo logrado en este proceso, Andrea Perestiuk manifest\u00f3 que \u201choy se puso el broche de oro a una obra muy importante que realiz\u00f3 la Cooperadora y que tiene que ver con sentar las bases para lo que es la digitalizaci\u00f3n del hospital, lo que hace a la historia cl\u00ednica del hospital, el m\u00f3dulo de turnos y dem\u00e1s; y a eso se suma una donaci\u00f3n importante de computadoras por parte de la cooperadora, fundamental para contar con el equipamiento necesario para cada sector y que esto sea una realidad\u201d.<\/p>\n<p>La funcionaria defini\u00f3 como \u201cinconmensurable\u201d la colaboraci\u00f3n de la Cooperadora para seguir con obras y proyectos para el hospital, y dimension\u00f3 sobre lo presentado hoy que \u201ces muy importante, ya que en forma paulatina estamos incorpor\u00e1ndonos al sistema de historia cl\u00ednica digital de Provincia, en lo que hemos venido avanzando en una primera etapa con el empadronamiento de m\u00e1s de 5 mil pacientes que figuran en una base de datos, y es el primer paso para avanzar en la historia cl\u00ednica digital\u201d.<\/p>\n<div class=\"wp-block-media-text alignwide is-stacked-on-mobile\">\n<div class=\"wp-block-media-text__content\">\n<p>\u201cEsto como hospital nos pone en un lugar de relevancia e importancia, dado que venimos con un atraso tecnol\u00f3gico importante, y hace que a mediano y largo plazo podamos eliminar el uso de las historias cl\u00ednicas en papel\u201d, recalc\u00f3 Perestiuk, para concluir que \u201cya hemos logrado la etapa de digitalizaci\u00f3n de im\u00e1genes en los servicios de Diagn\u00f3stico por im\u00e1genes, tanto en Radiolog\u00eda como ecograf\u00edas y dem\u00e1s, en el Hospital Ferreyra y en el Irurzun, y ahora tenemos que avanzar en esta otra etapa que tiene que ver con la eliminaci\u00f3n del papel y con la posibilidad de estar conectados en red con toda la Provincia de Buenos Aires\u201d.<\/p>\n<\/div>\n<\/div>\n<p>A su tiempo, la doctora Parodi destac\u00f3 el desempe\u00f1o de la Cooperadora y el municipio, como as\u00ed del \u00c1rea de C\u00f3mputos para hacer toda la conectividad y \u201clograr la famosa historia cl\u00ednica digital, estas son las bases para el inicio del resto: la historia cl\u00ednica digital, estudios digitales, tomograf\u00edas, resonancias y dem\u00e1s\u201d, sostuvo.<\/p>\n<p>\u201cEste hospital siempre se manej\u00f3 con la historia cl\u00ednica total y absolutamente a mano, y ahora vamos a la historia cl\u00ednica digital, o sea que esto nos va aggiornar a nosotros para poder estar conectados con dem\u00e1s hospitales de la Provincia de Buenos Aires y eso es muy importante para integrarnos\u201d, argument\u00f3 la directora del nosocomio.<\/p>\n<div class=\"wp-block-media-text alignwide is-stacked-on-mobile\">\n<div class=\"wp-block-media-text__content\">\n<p>Vale recordar que para hacer realidad la obra de digitalizaci\u00f3n, la presidenta de la Cooperadora, Marta Iriberri, enfatiz\u00f3 en su momento que \u201ccontamos con colaboraciones como siempre, pero tambi\u00e9n lo podemos hacer gracias a la recuperaci\u00f3n de una deuda que arrastr\u00e1bamos de per\u00edodos anteriores y que el intendente Rojas se comprometi\u00f3 a saldar con un gesto muy bueno de su parte\u201d; al tiempo que Ricardo Penna de C\u00f3mputos explic\u00f3 t\u00e9cnicamente que \u201cesto servir\u00e1 para asentar las bases para todo tipo de digitalizaci\u00f3n, tanto en el sistema de turnos como de historia cl\u00ednica electr\u00f3nica, y formularios de internet en Provincia para la contraprestaci\u00f3n econ\u00f3mica ante los turnos que se brindan. Se ampliar\u00e1 la red en cada servicio y en cada consultorio, lo que nos posibilitar\u00e1 tener la base para que todo funcione en mejor calidad\u201d.<\/p>\n<\/div>\n<\/div>\n<p>Asimismo, durante la jornada la Asociaci\u00f3n Cooperadora present\u00f3 la donaci\u00f3n de diez computadoras; un monitor multiparam\u00e9trico; un locker para los m\u00e9dicos de Guardia; tres colchones y tres almohadas m\u00e1s un aire acondicionado para la Guardia y adem\u00e1s la pintura de Oncolog\u00eda, Pediatr\u00eda y la habitaci\u00f3n de los m\u00e9dicos de Guardia.<\/p>\n<p><a href=\"https:\/\/primicias2262.com\/wp-content\/uploads\/2023\/01\/31-01-FOTO-donaciones-Hospital2.jpeg\"><img loading=\"lazy\" decoding=\"async\" class=\"aligncenter size-full wp-image-97170\" src=\"https:\/\/primicias2262.com\/wp-content\/uploads\/2023\/01\/31-01-FOTO-donaciones-Hospital2.jpeg\" alt=\"\" width=\"1600\" height=\"1066\" \/><\/a><\/p>\n","protected":false},"excerpt":{"rendered":"<p>Gracias a un arduo trabajo en conjunto entre la Cooperadora del Hospital Municipal \u201cEmilio Ferreyra\u201d y el Departamento Ejecutivo Municipal, encabezado por el intendente Arturo Rojas, este martes qued\u00f3 inaugurada la nueva obra de conectividad y digitalizaci\u00f3n en el nosocomio local. Adem\u00e1s, la jornada fue propicia para presentar donaciones de elementos tecnol\u00f3gicos y dem\u00e1s materiales [&hellip;]<\/p>\n","protected":false},"author":3,"featured_media":97169,"comment_status":"closed","ping_status":"closed","sticky":false,"template":"","format":"standard","meta":{"footnotes":""},"categories":[3],"tags":[],"class_list":["post-97168","post","type-post","status-publish","format-standard","has-post-thumbnail","category-masnoticias"],"_links":{"self":[{"href":"https:\/\/primicias2262.com\/noticias\/wp-json\/wp\/v2\/posts\/97168","targetHints":{"allow":["GET"]}}],"collection":[{"href":"https:\/\/primicias2262.com\/noticias\/wp-json\/wp\/v2\/posts"}],"about":[{"href":"https:\/\/primicias2262.com\/noticias\/wp-json\/wp\/v2\/types\/post"}],"author":[{"embeddable":true,"href":"https:\/\/primicias2262.com\/noticias\/wp-json\/wp\/v2\/users\/3"}],"replies":[{"embeddable":true,"href":"https:\/\/primicias2262.com\/noticias\/wp-json\/wp\/v2\/comments?post=97168"}],"version-history":[{"count":0,"href":"https:\/\/primicias2262.com\/noticias\/wp-json\/wp\/v2\/posts\/97168\/revisions"}],"wp:attachment":[{"href":"https:\/\/primicias2262.com\/noticias\/wp-json\/wp\/v2\/media?parent=97168"}],"wp:term":[{"taxonomy":"category","embeddable":true,"href":"https:\/\/primicias2262.com\/noticias\/wp-json\/wp\/v2\/categories?post=97168"},{"taxonomy":"post_tag","embeddable":true,"href":"https:\/\/primicias2262.com\/noticias\/wp-json\/wp\/v2\/tags?post=97168"}],"curies":[{"name":"wp","href":"https:\/\/api.w.org\/{rel}","templated":true}]}}