{"id":97182,"date":"2023-02-01T08:06:24","date_gmt":"2023-02-01T11:06:24","guid":{"rendered":"https:\/\/primicias2262.com\/?p=97182"},"modified":"2023-02-01T08:06:24","modified_gmt":"2023-02-01T11:06:24","slug":"el-partido-de-necochea-cuenta-con-una-poblacion-de-104-977-personas","status":"publish","type":"post","link":"https:\/\/primicias2262.com\/noticias\/el-partido-de-necochea-cuenta-con-una-poblacion-de-104-977-personas\/","title":{"rendered":"El partido de Necochea cuenta con una poblaci\u00f3n de 104.977 personas"},"content":{"rendered":"<p><strong>Por Jorge G\u00f3mez\u00a0\u00a0<\/strong><\/p>\n<p><strong><a href=\"https:\/\/primicias2262.com\/wp-content\/uploads\/2021\/08\/Gomez.jpg\"><img loading=\"lazy\" decoding=\"async\" class=\"alignleft size-thumbnail wp-image-80409\" src=\"https:\/\/primicias2262.com\/wp-content\/uploads\/2021\/08\/Gomez-150x150.jpg\" alt=\"\" width=\"150\" height=\"150\" \/><\/a>\u00a0<\/strong>El partido de Necochea cuenta con una poblaci\u00f3n de 104.977 personas, seg\u00fan inform\u00f3 hoy como datos provisorios -no definitivos- el INDEC, consecuencia del censo que tuvo lugar en mayo de 2022.<\/p>\n<p>Agrega en el item vinculado a nuestro distrito que el total de viviendas particulares asciende a 49.447; las colectivas 136; a 104.176 la poblaci\u00f3n de viviendas particulares; y de 801 en viviendas colectivas, sin brindar pormenores de \u00abpoblaci\u00f3n en situaci\u00f3n de calle (v\u00eda p\u00fablica).<\/p>\n","protected":false},"excerpt":{"rendered":"<p>Por Jorge G\u00f3mez\u00a0\u00a0 \u00a0El partido de Necochea cuenta con una poblaci\u00f3n de 104.977 personas, seg\u00fan inform\u00f3 hoy como datos provisorios -no definitivos- el INDEC, consecuencia del censo que tuvo lugar en mayo de 2022. Agrega en el item vinculado a nuestro distrito que el total de viviendas particulares asciende a 49.447; las colectivas 136; a [&hellip;]<\/p>\n","protected":false},"author":3,"featured_media":74441,"comment_status":"closed","ping_status":"closed","sticky":false,"template":"","format":"standard","meta":{"footnotes":""},"categories":[3],"tags":[],"class_list":["post-97182","post","type-post","status-publish","format-standard","has-post-thumbnail","category-masnoticias"],"_links":{"self":[{"href":"https:\/\/primicias2262.com\/noticias\/wp-json\/wp\/v2\/posts\/97182","targetHints":{"allow":["GET"]}}],"collection":[{"href":"https:\/\/primicias2262.com\/noticias\/wp-json\/wp\/v2\/posts"}],"about":[{"href":"https:\/\/primicias2262.com\/noticias\/wp-json\/wp\/v2\/types\/post"}],"author":[{"embeddable":true,"href":"https:\/\/primicias2262.com\/noticias\/wp-json\/wp\/v2\/users\/3"}],"replies":[{"embeddable":true,"href":"https:\/\/primicias2262.com\/noticias\/wp-json\/wp\/v2\/comments?post=97182"}],"version-history":[{"count":0,"href":"https:\/\/primicias2262.com\/noticias\/wp-json\/wp\/v2\/posts\/97182\/revisions"}],"wp:attachment":[{"href":"https:\/\/primicias2262.com\/noticias\/wp-json\/wp\/v2\/media?parent=97182"}],"wp:term":[{"taxonomy":"category","embeddable":true,"href":"https:\/\/primicias2262.com\/noticias\/wp-json\/wp\/v2\/categories?post=97182"},{"taxonomy":"post_tag","embeddable":true,"href":"https:\/\/primicias2262.com\/noticias\/wp-json\/wp\/v2\/tags?post=97182"}],"curies":[{"name":"wp","href":"https:\/\/api.w.org\/{rel}","templated":true}]}}