{"id":97202,"date":"2023-02-01T14:50:27","date_gmt":"2023-02-01T17:50:27","guid":{"rendered":"https:\/\/primicias2262.com\/?p=97202"},"modified":"2023-02-01T14:50:27","modified_gmt":"2023-02-01T17:50:27","slug":"solicitaran-la-emergencia-o-desastre-agropecuario-en-necochea-ante-la-comision-provincial","status":"publish","type":"post","link":"https:\/\/primicias2262.com\/noticias\/solicitaran-la-emergencia-o-desastre-agropecuario-en-necochea-ante-la-comision-provincial\/","title":{"rendered":"Solicitar\u00e1n la Emergencia o Desastre agropecuario en Necochea ante la Comisi\u00f3n provincial"},"content":{"rendered":"<p><strong>Se firm\u00f3 el acta constitutiva junto a referentes agropecuarios del distrito, INTA y entidades financieras, en funci\u00f3n de pedir a la CEDABA provincial la \u201cEmergencia y\/o Desastre agropecuario\u201d por la prolongada sequ\u00eda que afecta la producci\u00f3n agr\u00edcola ganadera de la zona.<\/strong><\/p>\n<p>El intendente municipal, Arturo Rojas, encabez\u00f3 este mi\u00e9rcoles en la Secretar\u00eda de Turismo y Desarrollo Productivo la Comisi\u00f3n Local de Emergencia Agropecuaria, en la cual se acord\u00f3 con los distintos actores que la componen -en funci\u00f3n de las sequ\u00edas y heladas tard\u00edas que impactaron en la zona-, solicitar la Emergencia Agropecuaria del Partido de Necochea ante la Comisi\u00f3n Provincial CEDABA.<\/p>\n<p><a href=\"https:\/\/primicias2262.com\/wp-content\/uploads\/2023\/02\/01-02-FOTO-firma-Acta-Comision-Emergencia.jpeg\"><img loading=\"lazy\" decoding=\"async\" class=\"aligncenter size-full wp-image-97206\" src=\"https:\/\/primicias2262.com\/wp-content\/uploads\/2023\/02\/01-02-FOTO-firma-Acta-Comision-Emergencia.jpeg\" alt=\"\" width=\"1600\" height=\"1066\" \/><\/a>Una vez culminado el encuentro, por el Ejecutivo Municipal fue la directora de Desarrollo Comercial, Industrial y Agropecuario, Roc\u00edo Zabalj\u00e1uregui, quien destac\u00f3 la muy buena convocatoria de la comisi\u00f3n y confirm\u00f3 que \u201cla reuni\u00f3n fue muy provechosa para plantear cu\u00e1l es la situaci\u00f3n que se est\u00e1 viviendo en Necochea para todo el sector y se decidi\u00f3 solicitar la emergencia agropecuaria a la CEDABA\u201d.<\/p>\n<p>Desde lo t\u00e9cnico, la funcionaria explicit\u00f3 que \u201cdesde Provincia se contempla la \u2018Emergencia\u2019 o el \u2018Desastre\u2019 agropecuario: la emergencia tiene que ver con la reducci\u00f3n de la capacidad productiva entre un 50 y un 79%, y el desastre agropecuario comprende a los productores que tengan afectado m\u00e1s del 80% de su capacidad productiva\u201d, para especificar que \u201cde acuerdo a los informes y situaci\u00f3n de cada productor del partido para esta campa\u00f1a 2022\/23 se solicit\u00f3 en esta comisi\u00f3n la \u201cemergencia y\/o desastre\u201d, pero por lo planteado y el relevamiento que se hizo hay una mayor\u00eda de los productores que est\u00e1n entre el 50 y el 79%\u201d.<\/p>\n<p><a href=\"https:\/\/primicias2262.com\/wp-content\/uploads\/2023\/02\/01-02-FOTO-Comision-Emergencia-Agropecuaria.jpeg\"><img loading=\"lazy\" decoding=\"async\" class=\"aligncenter size-full wp-image-97203\" src=\"https:\/\/primicias2262.com\/wp-content\/uploads\/2023\/02\/01-02-FOTO-Comision-Emergencia-Agropecuaria.jpeg\" alt=\"\" width=\"1600\" height=\"1066\" \/><\/a>Por su parte, uno de los actores de la Comisi\u00f3n es la Sociedad Rural, cuyo dirigente Eugenio Cardenau explic\u00f3 pos reuni\u00f3n que \u201cconformar la Comisi\u00f3n Local de Emergencia Agropecuaria es un paso formal que hay que dar para poder solicitar la emergencia agropecuaria para el partido de Necochea a nivel provincial, y de all\u00ed a nivel nacional. Como es sabido, hace varios meses que venimos con bastantes problemas con respecto a la sequ\u00eda y tambi\u00e9n una afectaci\u00f3n grande de heladas, sobre todo en los cultivos de trigo y cebada\u201d.<\/p>\n<p>\u201cEra necesario dar este paso formal y fuimos convocados por el Intendente Rojas para hacer el acta constitutiva de la comisi\u00f3n y poder declarar a Necochea en Emergencia y Desastre agropecuario\u201d, destac\u00f3 Cardenau, para acotar que \u201cla idea es visibilizar esta situaci\u00f3n con el fin de poder tener algunos beneficios impositivos, sumado a anuncios concretos que hizo ayer el Ministerio de Econom\u00eda con respecto a impuesto a las ganancias o pr\u00f3rrogas en el caso de l\u00edneas de cr\u00e9dito de bancos oficiales m\u00e1s atractivas para poder acompa\u00f1ar en esta situaci\u00f3n\u201d.<\/p>\n<p><a href=\"https:\/\/primicias2262.com\/wp-content\/uploads\/2023\/02\/01-02-FOTO-Comision-Emergencia-Agropecuaria2.jpeg\"><img loading=\"lazy\" decoding=\"async\" class=\"aligncenter size-full wp-image-97204\" src=\"https:\/\/primicias2262.com\/wp-content\/uploads\/2023\/02\/01-02-FOTO-Comision-Emergencia-Agropecuaria2.jpeg\" alt=\"\" width=\"1600\" height=\"1066\" \/><\/a>El acta constitutiva de solicitud a la Comisi\u00f3n Provincial de Emergencia Agropecuaria lleva la firma del intendente Arturo Rojas y la de cada uno de los actores presentes en la reuni\u00f3n, acta en la que se deja por sentado la declaraci\u00f3n de \u201cEmergencia y\/o Desastre agropecuario para la totalidad del Partido de Necochea para el periodo comprendido entre el 1\u00ba de julio de 2022 hasta el 30 de junio del a\u00f1o 2023, dado la falta de precipitaciones y heladas tard\u00edas que han provocado sequ\u00edas prolongadas, afectando la producci\u00f3n agr\u00edcola \u2013 ganadera en la zona\u201d.<\/p>\n<p>Durante la reuni\u00f3n, el Intendente estuvo acompa\u00f1ado por el presidente del Honorable Concejo Deliberante, Guillermo S\u00e1nchez; el secretario de Turismo y Desarrollo Productivo, Mat\u00edas Sierra; y la mencionada Roc\u00edo Zabalj\u00e1uregui; al tiempo que tambi\u00e9n conforman la comisi\u00f3n las entidades agropecuarias referentes del Partido de Necochea e instituciones como el INTA y el Banco Provincia; y se cont\u00f3 adem\u00e1s con la presencia de representantes del Ministerio de Desarrollo Agrario e integrantes de entidades bancarias.<\/p>\n","protected":false},"excerpt":{"rendered":"<p>Se firm\u00f3 el acta constitutiva junto a referentes agropecuarios del distrito, INTA y entidades financieras, en funci\u00f3n de pedir a la CEDABA provincial la \u201cEmergencia y\/o Desastre agropecuario\u201d por la prolongada sequ\u00eda que afecta la producci\u00f3n agr\u00edcola ganadera de la zona. El intendente municipal, Arturo Rojas, encabez\u00f3 este mi\u00e9rcoles en la Secretar\u00eda de Turismo y [&hellip;]<\/p>\n","protected":false},"author":3,"featured_media":97205,"comment_status":"closed","ping_status":"closed","sticky":false,"template":"","format":"standard","meta":{"footnotes":""},"categories":[3],"tags":[],"class_list":["post-97202","post","type-post","status-publish","format-standard","has-post-thumbnail","category-masnoticias"],"_links":{"self":[{"href":"https:\/\/primicias2262.com\/noticias\/wp-json\/wp\/v2\/posts\/97202","targetHints":{"allow":["GET"]}}],"collection":[{"href":"https:\/\/primicias2262.com\/noticias\/wp-json\/wp\/v2\/posts"}],"about":[{"href":"https:\/\/primicias2262.com\/noticias\/wp-json\/wp\/v2\/types\/post"}],"author":[{"embeddable":true,"href":"https:\/\/primicias2262.com\/noticias\/wp-json\/wp\/v2\/users\/3"}],"replies":[{"embeddable":true,"href":"https:\/\/primicias2262.com\/noticias\/wp-json\/wp\/v2\/comments?post=97202"}],"version-history":[{"count":0,"href":"https:\/\/primicias2262.com\/noticias\/wp-json\/wp\/v2\/posts\/97202\/revisions"}],"wp:attachment":[{"href":"https:\/\/primicias2262.com\/noticias\/wp-json\/wp\/v2\/media?parent=97202"}],"wp:term":[{"taxonomy":"category","embeddable":true,"href":"https:\/\/primicias2262.com\/noticias\/wp-json\/wp\/v2\/categories?post=97202"},{"taxonomy":"post_tag","embeddable":true,"href":"https:\/\/primicias2262.com\/noticias\/wp-json\/wp\/v2\/tags?post=97202"}],"curies":[{"name":"wp","href":"https:\/\/api.w.org\/{rel}","templated":true}]}}