{"id":97209,"date":"2023-02-01T15:24:45","date_gmt":"2023-02-01T18:24:45","guid":{"rendered":"https:\/\/primicias2262.com\/?p=97209"},"modified":"2023-02-01T15:24:45","modified_gmt":"2023-02-01T18:24:45","slug":"llegaron-dosis-de-pfizer-bivalente-al-distrito-y-se-comenzaran-a-repartir-este-jueves","status":"publish","type":"post","link":"https:\/\/primicias2262.com\/noticias\/llegaron-dosis-de-pfizer-bivalente-al-distrito-y-se-comenzaran-a-repartir-este-jueves\/","title":{"rendered":"Llegaron dosis de Pfizer bivalente al distrito y se comenzar\u00e1n a repartir este jueves"},"content":{"rendered":"<p><strong>Desde la coordinaci\u00f3n de vacunaci\u00f3n del municipio, Adriana Turiaci aclar\u00f3 que se avisar\u00e1 oportunamente en las pr\u00f3ximas horas cu\u00e1ndo puede la gente acercarse a aplicarse la dosis de refuerzo contra el Covid.<\/strong><\/p>\n<p>En di\u00e1logo telef\u00f3nico con el periodista Jorge G\u00f3mez en \u201cVoces de la Ciudad\u201d, y en el marco de la vacunaci\u00f3n Covid en el distrito de Necochea, Turiaci confirm\u00f3 este mi\u00e9rcoles que \u201cayer lleg\u00f3 la bivalente\u2026 la denominaci\u00f3n que nos mandan del Ministerio es vacuna Pfhizer bivariante, o bivalente, lleg\u00f3 a la tarde y est\u00e1 aclimat\u00e1ndose en heladera para empezar a repartirla este jueves\u201d.<\/p>\n<p>La coordinadora record\u00f3 que \u201cesta vacuna bivalente es contra la cepa original -la primera que empez\u00f3 en el 2020-, y contra la cepa \u00d3micron. Siempre tiene que haber cuatro meses de diferencia con la \u00faltima aplicaci\u00f3n y el que se dio la quinta dosis no se la debe dar\u201d, para acotar que \u201cesta bivalente es para dosis de refuerzo. Al que no se dio ni la cuarta ni la quinta dosis, se le va a aplicar esta bivariante, est\u00e1 programada como refuerzo\u201d.<\/p>\n<p>En tanto, se expres\u00f3 en l\u00edneas generales sobre el Covid en la ciudad, al destacar que \u201cestaba previsto que para la segunda quincena de enero bajara ese brote que tuvimos y as\u00ed sucedi\u00f3. Aunque la concurrencia de la gente a los vacunatorios tambi\u00e9n baj\u00f3 y es poca la gente que se vacuna a diario, el n\u00famero es escaso pero sostenido, se vacunan entre 40 y 50 personas por d\u00eda, y otras 20 los s\u00e1bados. Es lo que pasa siempre, bajan los casos y baja la vacunaci\u00f3n\u201d.<\/p>\n<p>Finalmente, Adriana Turiaci record\u00f3 que \u201cestamos vacunando en el CAPS Sudoeste de 58 y 81 de lunes a viernes de 8 a 14, como as\u00ed en el CAPS Fomento de Quequen en 519 y 548\u201d, y a modo de anticipo se\u00f1al\u00f3 que \u201ctenemos previsto cambiar de barrio para los s\u00e1bados y es probable, no confirmado, que vayamos a Barrio Norte, como se hizo en el CAPS Flores durante los s\u00e1bados de enero\u201d.<\/p>\n","protected":false},"excerpt":{"rendered":"<p>Desde la coordinaci\u00f3n de vacunaci\u00f3n del municipio, Adriana Turiaci aclar\u00f3 que se avisar\u00e1 oportunamente en las pr\u00f3ximas horas cu\u00e1ndo puede la gente acercarse a aplicarse la dosis de refuerzo contra el Covid. En di\u00e1logo telef\u00f3nico con el periodista Jorge G\u00f3mez en \u201cVoces de la Ciudad\u201d, y en el marco de la vacunaci\u00f3n Covid en el [&hellip;]<\/p>\n","protected":false},"author":3,"featured_media":88732,"comment_status":"closed","ping_status":"closed","sticky":false,"template":"","format":"standard","meta":{"footnotes":""},"categories":[3],"tags":[],"class_list":["post-97209","post","type-post","status-publish","format-standard","has-post-thumbnail","category-masnoticias"],"_links":{"self":[{"href":"https:\/\/primicias2262.com\/noticias\/wp-json\/wp\/v2\/posts\/97209","targetHints":{"allow":["GET"]}}],"collection":[{"href":"https:\/\/primicias2262.com\/noticias\/wp-json\/wp\/v2\/posts"}],"about":[{"href":"https:\/\/primicias2262.com\/noticias\/wp-json\/wp\/v2\/types\/post"}],"author":[{"embeddable":true,"href":"https:\/\/primicias2262.com\/noticias\/wp-json\/wp\/v2\/users\/3"}],"replies":[{"embeddable":true,"href":"https:\/\/primicias2262.com\/noticias\/wp-json\/wp\/v2\/comments?post=97209"}],"version-history":[{"count":0,"href":"https:\/\/primicias2262.com\/noticias\/wp-json\/wp\/v2\/posts\/97209\/revisions"}],"wp:attachment":[{"href":"https:\/\/primicias2262.com\/noticias\/wp-json\/wp\/v2\/media?parent=97209"}],"wp:term":[{"taxonomy":"category","embeddable":true,"href":"https:\/\/primicias2262.com\/noticias\/wp-json\/wp\/v2\/categories?post=97209"},{"taxonomy":"post_tag","embeddable":true,"href":"https:\/\/primicias2262.com\/noticias\/wp-json\/wp\/v2\/tags?post=97209"}],"curies":[{"name":"wp","href":"https:\/\/api.w.org\/{rel}","templated":true}]}}