{"id":97211,"date":"2023-02-01T15:45:01","date_gmt":"2023-02-01T18:45:01","guid":{"rendered":"https:\/\/primicias2262.com\/?p=97211"},"modified":"2023-02-01T15:45:01","modified_gmt":"2023-02-01T18:45:01","slug":"este-jueves-comienza-el-62o-festival-infantil-con-algunos-cambios-en-el-cronograma","status":"publish","type":"post","link":"https:\/\/primicias2262.com\/noticias\/este-jueves-comienza-el-62o-festival-infantil-con-algunos-cambios-en-el-cronograma\/","title":{"rendered":"Este jueves comienza el 62\u00ba Festival Infantil con algunos cambios en el cronograma"},"content":{"rendered":"<p><strong>Los cambios: La banda local The Marielenos Walsh Experience har\u00e1 debutar el escenario principal este jueves y finalmente la Compa\u00f1\u00eda bonaerense Phaway actuar\u00e1 en la noche del viernes.<\/strong><\/p>\n<p>A falta de tan solo un d\u00eda para que la m\u00fasica y el color invadan el Festival\u00f3dromo del Parque Miguel Lillo con el objetivo de regalar a la ni\u00f1ez cuatro jornadas inolvidables, desde la organizaci\u00f3n se\u00f1alaron que se acaban de definir un par de cambios en la grilla por cuestiones t\u00e9cnicas relacionadas a los espect\u00e1culos.<\/p>\n<p>En s\u00edntesis, la apertura oficial de esta 62\u00aa edici\u00f3n del Festival Infantil ser\u00e1, tal como estaba previsto, en la tarde noche de este jueves 2 de febrero, pero con la presentaci\u00f3n de la banda roquera local que homenajea a la autora Mar\u00eda Elena Walsh en reemplazo del show de la Compa\u00f1\u00eda Phaway, cuya funci\u00f3n se traslad\u00f3 para las 21 del viernes 3.<\/p>\n\n<p>Adem\u00e1s de esta puesta en escena multisensorial, que tendr\u00e1 una puesta en escena con m\u00fasica en vivo, acrobacia en altura e intervenciones atrapantes y novedosas, este ciclo bautizado \u201cMaravilloso\u201d contar\u00e1 con las actuaciones estelares de Canticu\u00e9nticos y Topa en los siguientes s\u00e1bado y domingo, respectivamente.<\/p>\n<p>Sumados a estos espect\u00e1culos salientes, los artistas locales que tradicionalmente han sabido dar vida y color a este festejo y otros elencos se ir\u00e1n desplegando entre el Anfiteatro Municipal y el restante escenario alternativo. La propuesta cerrar\u00e1 con un paseo de emprendedores y un corredor gastron\u00f3mico para el disfrute de los m\u00e1s grandes; y otros seis espacios pensados espec\u00edficamente para la recreaci\u00f3n y el divertimento de los ni\u00f1os y ni\u00f1as que se acerquen hasta el Jard\u00edn Franc\u00e9s, con talleres de m\u00fasica, pl\u00e1stica, literatura, danza, fotograf\u00eda y murga; juegos tradicionales e inflables y otras actividades deportivas.<\/p>\n\n<p>A continuaci\u00f3n, la grilla redefinida con los nuevos cambios en los tres escenarios que estar\u00e1n dando vida al Parque Miguel Lillo, durante los cuatro d\u00edas de realizaci\u00f3n del Festival Infantil m\u00e1s importante del pa\u00eds:<\/p>\n<p><strong>Jueves 2 de enero<\/strong><\/p>\n<p><em>*Escenario 1<\/em><\/p>\n<p>21 horas: The Marielenos Walsh Experience<\/p>\n<p><em>*Escenario 2 (Anfiteatro Municipal)<\/em><\/p>\n<p>18 horas: Circo Entero<\/p>\n<p>19 horas: Abelardo<\/p>\n<p>20 horas: Amores en Quequ\u00e9n (Canap\u00e9 de Polenta)<\/p>\n<p><em>*Escenario 3<\/em><\/p>\n<p>17.30 horas: Murga<\/p>\n<p>18 horas: Marbelita<\/p>\n<p>19.30 horas: Cuento que te re cuento (Cazadores de aventuras)<\/p>\n<p>20.30 horas: Las travesuras de Tito y Clarita (Vecinos Imaginarios)<\/p>\n<p><strong>Viernes 3 de enero<\/strong><\/p>\n<p><em>*Escenario 1<\/em><\/p>\n<p>21 horas: Compa\u00f1\u00eda Phaway<\/p>\n<p><a href=\"https:\/\/primicias2262.com\/wp-content\/uploads\/2023\/02\/01-02-PLACA-62-Festival-Infantil-Phaway-Viernes-3.jpeg\"><img loading=\"lazy\" decoding=\"async\" class=\"aligncenter size-full wp-image-97213\" src=\"https:\/\/primicias2262.com\/wp-content\/uploads\/2023\/02\/01-02-PLACA-62-Festival-Infantil-Phaway-Viernes-3.jpeg\" alt=\"\" width=\"1600\" height=\"1600\" \/><\/a><em>*Escenario 2 (Anfiteatro Municipal)<\/em><\/p>\n<p>18 horas: Se desconcierta el concierto (Latin d\u00fao)<\/p>\n<p>20 horas: Valeria Pessacg (danza)<\/p>\n<p>20.30 horas: Te reto un cuento (Muevemundos)<\/p>\n<p><em>*Escenario 3<\/em><\/p>\n<p>18.30 horas: Circo de Do\u00f1a Fresca<\/p>\n<p>20.30 horas: La Caverna de los Cuentos (Teatro El Cruce)<\/p>\n<p><strong>S\u00e1bado 4 de enero<\/strong><\/p>\n<p><em>*Escenario 1<\/em><\/p>\n<p>21 horas: Canticu\u00e9nticos<\/p>\n<p><em>*Escenario 2 (Anfiteatro Municipal)<\/em><\/p>\n<p>18 horas: Circo Entero<\/p>\n<p>19 horas: Cromalina<\/p>\n<p>20 horas: Melina Casar\u00edn (Zumba kids)<\/p>\n<p><em><br \/>\n*Escenario 3<\/em><\/p>\n<p>17.30 horas: Murga<\/p>\n<p>18.30 horas: Marbelita<\/p>\n<p>19.30 horas: Zanguchelli Clown (Agustina Zanichelli)<\/p>\n<p>20 horas: Las travesuras de Tito y Clarita (Vecinos Imaginarios)<\/p>\n<p>20.30 horas: Detr\u00e1s del bosque (Muevemundos)<\/p>\n<p><strong>Domingo 5 de enero<\/strong><\/p>\n<p><em>*Escenario 1<\/em><\/p>\n<p>21 horas: Topa<\/p>\n<p><em>*Escenario 2 (Anfiteatro Municipal)<\/em><\/p>\n<p>18 horas: Se desconcierta el concierto (Latin d\u00fao)<\/p>\n<p>19 horas: El Circo de Do\u00f1a Fresca<\/p>\n<p>20 horas: Abelardo<\/p>\n<p><em>*Escenario 3<\/em><\/p>\n<p>18.30 horas: Cuento que te re cuento (Cazadores de aventuras)<\/p>\n<p>19.30 horas: Zanguchelli Clown (Agustina Zanichelli)<\/p>\n<p>20 horas: La Caverna de los Cuentos (Teatro El Cruce)<\/p>\n","protected":false},"excerpt":{"rendered":"<p>Los cambios: La banda local The Marielenos Walsh Experience har\u00e1 debutar el escenario principal este jueves y finalmente la Compa\u00f1\u00eda bonaerense Phaway actuar\u00e1 en la noche del viernes. A falta de tan solo un d\u00eda para que la m\u00fasica y el color invadan el Festival\u00f3dromo del Parque Miguel Lillo con el objetivo de regalar a [&hellip;]<\/p>\n","protected":false},"author":3,"featured_media":97144,"comment_status":"closed","ping_status":"closed","sticky":false,"template":"","format":"standard","meta":{"footnotes":""},"categories":[5],"tags":[],"class_list":{"0":"post-97211","1":"post","2":"type-post","3":"status-publish","4":"format-standard","5":"has-post-thumbnail","7":"category-neco"},"_links":{"self":[{"href":"https:\/\/primicias2262.com\/noticias\/wp-json\/wp\/v2\/posts\/97211","targetHints":{"allow":["GET"]}}],"collection":[{"href":"https:\/\/primicias2262.com\/noticias\/wp-json\/wp\/v2\/posts"}],"about":[{"href":"https:\/\/primicias2262.com\/noticias\/wp-json\/wp\/v2\/types\/post"}],"author":[{"embeddable":true,"href":"https:\/\/primicias2262.com\/noticias\/wp-json\/wp\/v2\/users\/3"}],"replies":[{"embeddable":true,"href":"https:\/\/primicias2262.com\/noticias\/wp-json\/wp\/v2\/comments?post=97211"}],"version-history":[{"count":0,"href":"https:\/\/primicias2262.com\/noticias\/wp-json\/wp\/v2\/posts\/97211\/revisions"}],"wp:featuredmedia":[{"embeddable":true,"href":"https:\/\/primicias2262.com\/noticias\/wp-json\/"}],"wp:attachment":[{"href":"https:\/\/primicias2262.com\/noticias\/wp-json\/wp\/v2\/media?parent=97211"}],"wp:term":[{"taxonomy":"category","embeddable":true,"href":"https:\/\/primicias2262.com\/noticias\/wp-json\/wp\/v2\/categories?post=97211"},{"taxonomy":"post_tag","embeddable":true,"href":"https:\/\/primicias2262.com\/noticias\/wp-json\/wp\/v2\/tags?post=97211"}],"curies":[{"name":"wp","href":"https:\/\/api.w.org\/{rel}","templated":true}]}}