{"id":97241,"date":"2023-02-02T16:09:51","date_gmt":"2023-02-02T19:09:51","guid":{"rendered":"https:\/\/primicias2262.com\/?p=97241"},"modified":"2023-02-02T16:09:51","modified_gmt":"2023-02-02T19:09:51","slug":"el-intendente-rojas-y-las-cooperativas-del-interior-avanzan-en-importantes-obras-en-conjunto","status":"publish","type":"post","link":"https:\/\/primicias2262.com\/noticias\/el-intendente-rojas-y-las-cooperativas-del-interior-avanzan-en-importantes-obras-en-conjunto\/","title":{"rendered":"El Intendente Rojas y las cooperativas del interior avanzan en importantes obras en conjunto"},"content":{"rendered":"<p><strong>Arturo Rojas visit\u00f3 la Cooperativa El\u00e9ctrica de la Dulce donde se reuni\u00f3 con integrantes de la misma y sus pares de Juan N. Fern\u00e1ndez, a fin de planificar un trabajo en conjunto sobre la ejecuci\u00f3n de obras de iluminaci\u00f3n, agua potable y Presupuesto Participativo.<\/strong><\/p>\n<p>El intendente Arturo Rojas encabez\u00f3 este jueves una comitiva municipal hacia La Dulce para llevar adelante una reuni\u00f3n de trabajo en la cooperativa de dicha localidad, tanto con integrantes de la misma como con la Cooperativa El\u00e9ctrica de Juan N. Fern\u00e1ndez, con el fin de avanzar conjuntamente en varias obras planificadas y otras que est\u00e1n en ejecuci\u00f3n al presente.<\/p>\n<p>Al respecto, el Intendente puso el \u00e9nfasis primeramente en una obra b\u00e1sica y millonaria para los vecinos de La Dulce como la del agua potable. \u201cEs una obra que se gestion\u00f3 por parte de la Cooperativa y tambi\u00e9n por parte nuestra ante la Provincia de Buenos Aires, por 90 millones de pesos para la extensi\u00f3n de la red de agua potable en La Dulce, y ya esta semana empezaron con los primeros movimientos de la obra, que apunta a mejorar el servicio y es muy importante\u201d, asever\u00f3 Rojas.<\/p>\n<p>Asimismo, el m\u00e1ximo mandatario distrital se\u00f1al\u00f3 que se habl\u00f3 sobre varios convenios en conjunto, al argumentar que \u201cdesde la gesti\u00f3n nuestra lo primero que hicimos fue ponernos al d\u00edas con una deuda que ten\u00eda hist\u00f3ricamente la Municipalidad con todas las instituciones, entre ellas las cooperativas, y esos nos permiti\u00f3 generar nuevos convenios de trabajo en conjunto, a partir de lo que hemos venido generando por ejemplo recambio de luminarias en cada una de las localidades del distrito a trav\u00e9s de convenios espec\u00edficos con ambas cooperativas, e incluso con la de San Cayetano que opera en Ram\u00f3n Santamarina\u201d.<\/p>\n<p><a href=\"https:\/\/primicias2262.com\/wp-content\/uploads\/2023\/02\/02-02-FOTO-Rojas-Cooperativas-1.jpg\"><img loading=\"lazy\" decoding=\"async\" class=\"aligncenter size-full wp-image-97244\" src=\"https:\/\/primicias2262.com\/wp-content\/uploads\/2023\/02\/02-02-FOTO-Rojas-Cooperativas-1.jpg\" alt=\"\" width=\"1600\" height=\"903\" \/><\/a><\/p>\n<p>En virtud de ello, Rojas anticip\u00f3 que \u201cahora estamos pr\u00f3ximos a firmar un convenio importante por varios millones de pesos con las dos cooperativas para seguir haciendo recambio de luminarias en La Dulce, Juan N. Fern\u00e1ndez y Claraz; y despu\u00e9s haremos lo propio con Ram\u00f3n Santamarina porque hay presupuesto para todas las localidades\u201d.<\/p>\n<p>Incluso, el Intendente se refiri\u00f3 al recuperado programa de Presupuesto Participativo por parte de la gesti\u00f3n: \u201cTambi\u00e9n estuvimos hablando de poder conveniar lo que qued\u00f3 en el Presupuesto Participativo, que tiene que ver con obras de mejoramiento y remodelaci\u00f3n de espacios p\u00fablicos de todas las localidades, donde apuntamos a que sean las propias cooperativas tambi\u00e9n las que lleven adelante este tipo de obra\u201d.<\/p>\n<p>Por ende, sin dejar de reconocer que \u201ca\u00fan hace falta de todo en las localidades o en cualquiera de los barrios de Necochea y Quequ\u00e9n\u201d, Rojas resalt\u00f3 que \u201cno es menos cierto que desde que hemos comenzado la gesti\u00f3n empezamos con el orden econ\u00f3mico, empezamos a recuperar maquinaria que no ten\u00edamos en las Delegaciones ni en el Corral\u00f3n, a fortalecer los recursos y a hacer obras, que venimos haciendo en las localidades, por ejemplo en La Dulce en el acceso, obras de iluminaci\u00f3n, de recuperaci\u00f3n de espacios p\u00fablicos y ahora proyectando el cord\u00f3n cuneta, que hac\u00eda casi 20 a\u00f1os que no se hac\u00eda una cuadra de cord\u00f3n cuneta en el interior\u201d.<\/p>\n<p>A prop\u00f3sito de cord\u00f3n cuneta, el Intendente acot\u00f3 que se estuvo hablando de lo que se tiene presupuestado referido a ello y ahora ver\u00e1n las cooperativas si se animan a encaran propiamente los trabajos como lo har\u00e1n con las luminarias y el Presupuesto Participativo\u201d.<\/p>\n<p>Finalmente, Rojas defini\u00f3 que \u201cel contexto econ\u00f3mico del pa\u00eds no es el mejor, pero mientras tanto tenemos que seguir fortaleciendo obras importantes, las cuales muchas de ellas no se ven como la del agua por 90 millones de pesos\u201d, y por consiguiente el objetivo es que \u201csigamos fortaleciendo el trabajo en conjunto con mano de obra local a trav\u00e9s de las cooperativas y ayudemos a generar recursos y obras en cada una de las localidades\u201d, por lo que destac\u00f3 como \u201cm\u00e1s que positiva la reuni\u00f3n que hemos tenido hoy\u201d.<\/p>\n<p>En su recorrida por La Dulce, el jefe comunal fue acompa\u00f1ado por los secretarios de Gobierno y Obras P\u00fablicas, Jorge Mart\u00ednez y Adri\u00e1n Furno; el subsecretario de Obras P\u00fablicas, Lisandro Dones; y los delegados, de La Dulce, Juan N. Fern\u00e1ndez y Claraz, Miguel Far\u00edas, Guillermo Schuenemann y Jos\u00e9 Garc\u00eda, respectivamente.<\/p>\n","protected":false},"excerpt":{"rendered":"<p>Arturo Rojas visit\u00f3 la Cooperativa El\u00e9ctrica de la Dulce donde se reuni\u00f3 con integrantes de la misma y sus pares de Juan N. Fern\u00e1ndez, a fin de planificar un trabajo en conjunto sobre la ejecuci\u00f3n de obras de iluminaci\u00f3n, agua potable y Presupuesto Participativo. El intendente Arturo Rojas encabez\u00f3 este jueves una comitiva municipal hacia [&hellip;]<\/p>\n","protected":false},"author":3,"featured_media":97243,"comment_status":"closed","ping_status":"closed","sticky":false,"template":"","format":"standard","meta":{"footnotes":""},"categories":[3],"tags":[],"class_list":["post-97241","post","type-post","status-publish","format-standard","has-post-thumbnail","category-masnoticias"],"_links":{"self":[{"href":"https:\/\/primicias2262.com\/noticias\/wp-json\/wp\/v2\/posts\/97241","targetHints":{"allow":["GET"]}}],"collection":[{"href":"https:\/\/primicias2262.com\/noticias\/wp-json\/wp\/v2\/posts"}],"about":[{"href":"https:\/\/primicias2262.com\/noticias\/wp-json\/wp\/v2\/types\/post"}],"author":[{"embeddable":true,"href":"https:\/\/primicias2262.com\/noticias\/wp-json\/wp\/v2\/users\/3"}],"replies":[{"embeddable":true,"href":"https:\/\/primicias2262.com\/noticias\/wp-json\/wp\/v2\/comments?post=97241"}],"version-history":[{"count":0,"href":"https:\/\/primicias2262.com\/noticias\/wp-json\/wp\/v2\/posts\/97241\/revisions"}],"wp:attachment":[{"href":"https:\/\/primicias2262.com\/noticias\/wp-json\/wp\/v2\/media?parent=97241"}],"wp:term":[{"taxonomy":"category","embeddable":true,"href":"https:\/\/primicias2262.com\/noticias\/wp-json\/wp\/v2\/categories?post=97241"},{"taxonomy":"post_tag","embeddable":true,"href":"https:\/\/primicias2262.com\/noticias\/wp-json\/wp\/v2\/tags?post=97241"}],"curies":[{"name":"wp","href":"https:\/\/api.w.org\/{rel}","templated":true}]}}