{"id":97249,"date":"2023-02-02T16:28:17","date_gmt":"2023-02-02T19:28:17","guid":{"rendered":"https:\/\/primicias2262.com\/?p=97249"},"modified":"2023-02-02T16:28:17","modified_gmt":"2023-02-02T19:28:17","slug":"97249-2","status":"publish","type":"post","link":"https:\/\/primicias2262.com\/noticias\/97249-2\/","title":{"rendered":"Mauro Vel\u00e1zquez reconoci\u00f3 que \u201cser\u00eda un orgullo ser pre candidato a intendente\u201d"},"content":{"rendered":"<p><strong>De todas maneras, en los estudios de \u201cVoces de la Ciudad\u201d, el concejal del interbloque del Frente de Todos tambi\u00e9n enfatiz\u00f3 que \u201csi el Frente tiene intenciones competiremos, pero para todo esto no se tienen que discutir personas, si no proyectos\u201d.<\/strong><\/p>\n<p>En di\u00e1logo con el periodista Jorge G\u00f3mez, y con las elecciones generales 2023 en el horizonte, el concejal del interbloque del Frente de Todos, Mauro Vel\u00e1zquez, analiz\u00f3 su primer a\u00f1o cumplido en el Concejo Deliberante y sus sensaciones dentro del Frente Renovador y Frente de Todos.<\/p>\n<p>Acerca de la experiencia legislativa, de la que se cumpli\u00f3 un a\u00f1o en diciembre pasado, se\u00f1al\u00f3 que \u201csiempre digo que los que militamos desde chicos, en mi caso desde los 17 a\u00f1os, tenemos el objetivo de poder llegar a estar trabajando en el Concejo o con alguna funci\u00f3n en el Ejecutivo, y me toc\u00f3 \u00a0a mis 45 a\u00f1os ser concejal y estoy muy feliz, tom\u00e1ndolo con mucha responsabilidad, participando activamente en cada comisi\u00f3n para estar en tema y siendo presidente de la Comisi\u00f3n de Turismo y Deportes\u201d.<\/p>\n<p>\u201cLas mesas de comisiones est\u00e1n para proponer, discutir y en algunos casos para mejorar los proyectos que llegan, con el fin de ver que mejoren la calidad de vida de los vecinos, ese es el cometido, y en esto en algunas cosas estamos de acuerdo y en otros tenemos una mirada antag\u00f3nica\u201d, aport\u00f3.<\/p>\n<p>En cuanto a c\u00f3mo est\u00e1 el Frente de Todos en Necochea, manifest\u00f3 que \u201ctenemos una encuesta que estamos midiendo bien y eso nos pone contentos, pero hay que trabajar mucho en el di\u00e1logo. Soy parte del Frente Renovador en Necochea y como presidente del interbloque me toca convocar a todos, y m\u00e1s all\u00e1 de que hay posturas diferentes a veces, no vamos a abortar nunca el di\u00e1logo, vamos a convocar a todos para generar un pensamiento ya no partidario, sino que tenga que ver con el bienestar de la ciudad, es decir, los proyectos\u201d.<\/p>\n<p>En ese marco, se meti\u00f3 en las elecciones 2023 y subray\u00f3 el concepto de \u201cpropuestas\u201d: \u201cA veces se subestima al vecino en campa\u00f1a denostando a los dem\u00e1s, pero lo mejor creo que es mejorar la propuesta que vamos a presentarles a los vecinos, por eso pido no agotar el di\u00e1logo de cara a la representaci\u00f3n del Frente de Todos\u201d, tras lo cual acot\u00f3: \u201cHablo desde la representaci\u00f3n del Frente Renovador, el cual va a tener una candidata o candidato a intendente, y despu\u00e9s est\u00e1n las PASO, que si el Frente de Todos tiene intenciones competiremos, pero para todo esto no se tienen que discutir personas, si no proyectos, y nosotros estamos trabajando en proyectos y en esto s\u00ed convocamos a todos a trabajar\u201d.<\/p>\n<p>Por ende, a la hora de encabezar una lista como precandidato a intendente para las PASO y eventualmente como candidato para octubre, expres\u00f3 entusiasmado que \u201cser\u00eda un orgullo, he he trabajado para poder lograrlo alguna vez. He militado toda mi vida con un objetivo, es como cuando en el f\u00fatbol so\u00f1\u00e1s toda tu vida con llegar a Primera en tu club, por ah\u00ed uno no puede llegar por un mont\u00f3n de circunstancias, pero yo me estoy preparando para en alg\u00fan momento estar\u201d.<\/p>\n<p>\u201cEste tema lo he manifestado con la conducci\u00f3n del Frente renovador, tanto con Jimena como con Facundo L\u00f3pez, vengo de esa vieja escuela que primero hay que avisar en casa y luego lo gritamos para afuera, y tengo que reconocer la generosidad de ambos referentes como de mis compa\u00f1eros\u201d, aunque por lo pronto, \u201cmilitar es mi pasi\u00f3n y soy un privilegiado por poder ser concejal a los 45 a\u00f1os\u201d, concluy\u00f3.<\/p>\n","protected":false},"excerpt":{"rendered":"<p>De todas maneras, en los estudios de \u201cVoces de la Ciudad\u201d, el concejal del interbloque del Frente de Todos tambi\u00e9n enfatiz\u00f3 que \u201csi el Frente tiene intenciones competiremos, pero para todo esto no se tienen que discutir personas, si no proyectos\u201d. En di\u00e1logo con el periodista Jorge G\u00f3mez, y con las elecciones generales 2023 en [&hellip;]<\/p>\n","protected":false},"author":3,"featured_media":96071,"comment_status":"closed","ping_status":"closed","sticky":false,"template":"","format":"standard","meta":{"footnotes":""},"categories":[3],"tags":[],"class_list":["post-97249","post","type-post","status-publish","format-standard","has-post-thumbnail","category-masnoticias"],"_links":{"self":[{"href":"https:\/\/primicias2262.com\/noticias\/wp-json\/wp\/v2\/posts\/97249","targetHints":{"allow":["GET"]}}],"collection":[{"href":"https:\/\/primicias2262.com\/noticias\/wp-json\/wp\/v2\/posts"}],"about":[{"href":"https:\/\/primicias2262.com\/noticias\/wp-json\/wp\/v2\/types\/post"}],"author":[{"embeddable":true,"href":"https:\/\/primicias2262.com\/noticias\/wp-json\/wp\/v2\/users\/3"}],"replies":[{"embeddable":true,"href":"https:\/\/primicias2262.com\/noticias\/wp-json\/wp\/v2\/comments?post=97249"}],"version-history":[{"count":0,"href":"https:\/\/primicias2262.com\/noticias\/wp-json\/wp\/v2\/posts\/97249\/revisions"}],"wp:attachment":[{"href":"https:\/\/primicias2262.com\/noticias\/wp-json\/wp\/v2\/media?parent=97249"}],"wp:term":[{"taxonomy":"category","embeddable":true,"href":"https:\/\/primicias2262.com\/noticias\/wp-json\/wp\/v2\/categories?post=97249"},{"taxonomy":"post_tag","embeddable":true,"href":"https:\/\/primicias2262.com\/noticias\/wp-json\/wp\/v2\/tags?post=97249"}],"curies":[{"name":"wp","href":"https:\/\/api.w.org\/{rel}","templated":true}]}}