{"id":97252,"date":"2023-02-03T08:54:12","date_gmt":"2023-02-03T11:54:12","guid":{"rendered":"https:\/\/primicias2262.com\/?p=97252"},"modified":"2023-02-03T08:54:12","modified_gmt":"2023-02-03T11:54:12","slug":"con-un-festivalodromo-repleto-inicio-el-62o-festival-infantil-de-necochea","status":"publish","type":"post","link":"https:\/\/primicias2262.com\/noticias\/con-un-festivalodromo-repleto-inicio-el-62o-festival-infantil-de-necochea\/","title":{"rendered":"Con un Festival\u00f3dromo repleto inici\u00f3 el 62\u00ba Festival Infantil de Necochea"},"content":{"rendered":"<p>Con espect\u00e1culos desde la tardecita y un Festival\u00f3dromo del Parque Miguel Lillo vibrando repleto de familias, este jueves se puso en marcha el 62\u00ba Festival Infantil de Necochea, que organiza la Municipalidad a trav\u00e9s de la Secretar\u00eda de Turismo y Desarrollo Productivo y el trabajo de la Direcci\u00f3n de Cultura.<\/p>\n<p>Con la impronta de \u201cMaraVilloso\u201d, en homenaje a la recordada Elefanta Mara, esta nueva edici\u00f3n del tradicional festejo por excelencia de los ni\u00f1os y la familia que tiene el pa\u00eds, signific\u00f3 el retorno del evento al Parque Miguel Lillo \u2013 al menos por este 2023-, y cont\u00f3 con la presentaci\u00f3n de artistas locales en los tres escenarios del predio, habi\u00e9ndole puesto broche a esta primera jornada la banda de rock infantil \u201cThe Marielenos Walsh Experience\u201d, la cual deleit\u00f3 al p\u00fablico de todas las edades y fue ovacionada.<\/p>\n<p><a href=\"https:\/\/primicias2262.com\/wp-content\/uploads\/2023\/02\/02-02-FOTO-Apertura-Festival-Infantil.jpeg\"><img loading=\"lazy\" decoding=\"async\" class=\"aligncenter size-full wp-image-97254\" src=\"https:\/\/primicias2262.com\/wp-content\/uploads\/2023\/02\/02-02-FOTO-Apertura-Festival-Infantil.jpeg\" alt=\"\" width=\"1280\" height=\"853\" \/><\/a>Pero antes de que las familias vibraran con el rock y las letras de la inolvidable Mar\u00eda Elena Walsh, el intendente Arturo Rojas brind\u00f3 unas palabras de bienvenida desde el escenario principal que da su espalda a la avenida 10 y 91. \u201cQuiero destacar este marco espectacular de p\u00fablico, de familias y peque\u00f1os para disfrutar de un nuevo Festival Infantil, y no puedo dejar de agradecer a todas las \u00e1reas del Municipio que hicieron posible esto, con un mont\u00f3n de n\u00fameros art\u00edsticos locales y de afuera para estos cuatro d\u00edas que ser\u00e1n una fiesta para disfrutar en familia\u201d, comenz\u00f3 expresando Rojas.<\/p>\n<p>Seguidamente, resalt\u00f3 que \u201cquiero agradecer a la cara visible, que es la Direcci\u00f3n de Cultura con Juan Gamba, pero tambi\u00e9n a la Secretar\u00eda de Turismo y Producci\u00f3n, con Mat\u00edas Sierra a cargo, a las Direcciones que la componen y a todas las dem\u00e1s Secretar\u00edas porque para armar un espect\u00e1culo de esta naturaleza necesitamos de un trabajo mancomunado, y principalmente a las instituciones y artistas que le pondr\u00e1n color a cada uno de los escenarios. Simplemente gracias y que puedan disfrutar de este maravilloso Festival Infantil\u201d.<\/p>\n<p><a href=\"https:\/\/primicias2262.com\/wp-content\/uploads\/2023\/02\/FOTO-palabras-apertura-Festival.jpg\"><img loading=\"lazy\" decoding=\"async\" class=\"aligncenter size-full wp-image-97256\" src=\"https:\/\/primicias2262.com\/wp-content\/uploads\/2023\/02\/FOTO-palabras-apertura-Festival.jpg\" alt=\"\" width=\"1600\" height=\"1066\" \/><\/a>Vale destacar que desde la tardecita, ni\u00f1os y grandes dedicaron su atenci\u00f3n y disfrute a un abanico de actividades, juegos, stands gastron\u00f3micos y diferentes paseos distribuidos en el Jard\u00edn Franc\u00e9s del Parque, y le dieron un importante marco a los espect\u00e1culos. En el escenario 2, que es el Anfiteatro \u201cPedro Arozarena\u201d, se presentaron Circo Entero, Abelardo y Canap\u00e9 de polenta; mientras que el Escenario 3 vio pasar los n\u00fameros de Marbelita, Cazadores de aventuras, Imaginarios Cuentos 1, 2 y 3 y el inconfundible ritmo de la murga.<\/p>\n<div class=\"wp-block-media-text alignwide is-stacked-on-mobile\">\n<div class=\"wp-block-media-text__content\">\n<p>Concluida la apertura del Festival, ya empieza a palpitarse un s\u00faper viernes y un gran fin de semana en el Festival\u00f3dromo. En principio, la jornada de este viernes 3 de febrero no solo estar\u00e1 marcada por el tradicional y colorido Desfile del Festival, que ser\u00e1 a partir de las 19 en el propio predio del Parque; sino que el broche nocturno en el Escenario 1 estar\u00e1 a cargo de la <strong><a href=\"https:\/\/necochea.gov.ar\/compania-phaway-es-un-espectaculo-distinto-que-se-monta-para-toda-la-familia\/\" target=\"_blank\" rel=\"noreferrer noopener\">Compa\u00f1\u00eda bonaerense PhaWay<\/a><\/strong>, y un show impactante que fue reprogramado para la segunda jornada.<a href=\"https:\/\/primicias2262.com\/wp-content\/uploads\/2023\/02\/01-02-PLACA-62-Festival-Infantil-Viernes-03-1.jpeg\"><img loading=\"lazy\" decoding=\"async\" class=\"aligncenter size-full wp-image-97253\" src=\"https:\/\/primicias2262.com\/wp-content\/uploads\/2023\/02\/01-02-PLACA-62-Festival-Infantil-Viernes-03-1.jpeg\" alt=\"\" width=\"1600\" height=\"1600\" \/><\/a>En tanto, entre m\u00faltiples actividades y un mejor pron\u00f3stico clim\u00e1tico, el s\u00e1bado y el domingo prometen ser jornadas inolvidables en el Parque, con el aliciente de las presentaciones de los espect\u00e1culos de renombre en el escenario central, tanto de <strong><a href=\"https:\/\/necochea.gov.ar\/ritmos-humor-y-raices-folcloricas-en-el-festivalodromo-los-esperamos-con-toda-la-familia-canticuentica\/\" target=\"_blank\" rel=\"noreferrer noopener\">Canticu\u00e9nticos<\/a><\/strong> para el s\u00e1bado, como de Topa para el domingo, ambos (en principio), a partir de las 21, y con el acompa\u00f1amiento de cientos de familias de la ciudad y de la colonia tur\u00edstica de la regi\u00f3n y el pa\u00eds.<\/p>\n\n<\/div>\n<\/div>\n","protected":false},"excerpt":{"rendered":"<p>Con espect\u00e1culos desde la tardecita y un Festival\u00f3dromo del Parque Miguel Lillo vibrando repleto de familias, este jueves se puso en marcha el 62\u00ba Festival Infantil de Necochea, que organiza la Municipalidad a trav\u00e9s de la Secretar\u00eda de Turismo y Desarrollo Productivo y el trabajo de la Direcci\u00f3n de Cultura. Con la impronta de \u201cMaraVilloso\u201d, [&hellip;]<\/p>\n","protected":false},"author":3,"featured_media":97255,"comment_status":"closed","ping_status":"closed","sticky":false,"template":"","format":"standard","meta":{"footnotes":""},"categories":[3],"tags":[],"class_list":["post-97252","post","type-post","status-publish","format-standard","has-post-thumbnail","category-masnoticias"],"_links":{"self":[{"href":"https:\/\/primicias2262.com\/noticias\/wp-json\/wp\/v2\/posts\/97252","targetHints":{"allow":["GET"]}}],"collection":[{"href":"https:\/\/primicias2262.com\/noticias\/wp-json\/wp\/v2\/posts"}],"about":[{"href":"https:\/\/primicias2262.com\/noticias\/wp-json\/wp\/v2\/types\/post"}],"author":[{"embeddable":true,"href":"https:\/\/primicias2262.com\/noticias\/wp-json\/wp\/v2\/users\/3"}],"replies":[{"embeddable":true,"href":"https:\/\/primicias2262.com\/noticias\/wp-json\/wp\/v2\/comments?post=97252"}],"version-history":[{"count":0,"href":"https:\/\/primicias2262.com\/noticias\/wp-json\/wp\/v2\/posts\/97252\/revisions"}],"wp:attachment":[{"href":"https:\/\/primicias2262.com\/noticias\/wp-json\/wp\/v2\/media?parent=97252"}],"wp:term":[{"taxonomy":"category","embeddable":true,"href":"https:\/\/primicias2262.com\/noticias\/wp-json\/wp\/v2\/categories?post=97252"},{"taxonomy":"post_tag","embeddable":true,"href":"https:\/\/primicias2262.com\/noticias\/wp-json\/wp\/v2\/tags?post=97252"}],"curies":[{"name":"wp","href":"https:\/\/api.w.org\/{rel}","templated":true}]}}