{"id":97269,"date":"2023-02-03T10:18:38","date_gmt":"2023-02-03T13:18:38","guid":{"rendered":"https:\/\/primicias2262.com\/?p=97269"},"modified":"2023-02-03T10:18:38","modified_gmt":"2023-02-03T13:18:38","slug":"joaquin-fradin-tiene-11-anos-vende-alfajores-para-correr-en-karting-y-suena-con-ser-piloto-profesional","status":"publish","type":"post","link":"https:\/\/primicias2262.com\/noticias\/joaquin-fradin-tiene-11-anos-vende-alfajores-para-correr-en-karting-y-suena-con-ser-piloto-profesional\/","title":{"rendered":"Joaqu\u00edn Frad\u00edn tiene 11 a\u00f1os, vende alfajores para correr en karting y sue\u00f1a con ser piloto profesional"},"content":{"rendered":"<p><strong>Acompa\u00f1ado por su pap\u00e1 Nicolas en los estudios de \u201cVoces de la Ciudad\u201d, Joaqu\u00edn Frad\u00edn dialog\u00f3 en nota con el periodista Jorge G\u00f3mez, donde cont\u00f3 a la audiencia c\u00f3mo se le ocurri\u00f3 vender alfajores para poder costear parte de su participaci\u00f3n en el zonal y sus sue\u00f1os a futuro.<\/strong><\/p>\n<p>Primeramente, Nicol\u00e1s Frad\u00edn, el progenitor de Joaqu\u00edn, relat\u00f3 que \u201cempez\u00f3 \u00e9l mismo a vender alfajores, hace dos a\u00f1os que empez\u00f3 a colaborar y a la primera fecha que corri\u00f3 no lleg\u00e1bamos a la carrera por que se sumaba la inscripci\u00f3n, licencia, el traslado que justo nos tocaba Olavarr\u00eda, las cubiertas\u2026 as\u00ed que tomamos la decisi\u00f3n de hablar con \u00e9l que a la primera fecha no \u00edbamos a asistir por el presupuesto, y \u00e9l empez\u00f3 que quer\u00eda ir y hacer algo para ayudar al equipo. \u201cVoy a vender alfajores en la calle\u201d dec\u00eda, y as\u00ed fue vendiendo el a\u00f1o pasado y este a\u00f1o hizo el boom de la famosa venta de alfajores para colaborar con el equipo\u201d.<\/p>\n<p>En la actualidad, Joaqu\u00edn tiene 11 a\u00f1os y concurre a 6\u00ba A\u00f1o de la Escuela Primaria N\u00ba 3, con el sue\u00f1o de competir en karting este a\u00f1o. Pero primeramente se le pregunt\u00f3 acerca de su actividad como vendedor, acerca de lo que cont\u00f3 con la frescura de un pibe de su edad que \u201cla verdad es que me va re bien con la venta, los turistas y los vecinos de Necochea me tratan muy bien y me compran alfajores y yo no s\u00e9 c\u00f3mo agradecerles\u201d.<\/p>\n<p><a href=\"https:\/\/primicias2262.com\/wp-content\/uploads\/2023\/02\/nicolas-y-joaquin-fradin.jpeg\"><img loading=\"lazy\" decoding=\"async\" class=\"aligncenter size-full wp-image-97224\" src=\"https:\/\/primicias2262.com\/wp-content\/uploads\/2023\/02\/nicolas-y-joaquin-fradin.jpeg\" alt=\"\" width=\"1024\" height=\"768\" \/><\/a>\u201cLo hago a la tarde, a partir de las 14 y estoy hasta que se vendan todos los alfajores. Salgo con un carrito con seis cajas con 24 alfajores, y hablo con la gente. Los precios son cuatro alfajores por 300 pesos o 1500 la caja, y los vendo en un rato, casi todos me compran caja porque voy a los gazebos y son muchas personas\u201d, describi\u00f3. Joaqu\u00edn vende generalmente en la bajada de la calle 73 y desde all\u00ed hacia el sector de la Escollera Sur. \u201cVoy todos los d\u00edas que dan calor y se suma mucha gente, y m\u00e1s o menos a la hora del mate salgo. Mi hermano Lorenzo tiene cuatro a\u00f1os y me acompa\u00f1a\u201d, acot\u00f3.<\/p>\n<p>Acto seguido, revel\u00f3 que \u201cestoy juntando plata para el objetivo de todo el a\u00f1o, que son diez fechas en las dos categor\u00edas de 110 y 150 cc. Mi abuelo Julio N\u00fa\u00f1ez me prepara el chasis y me prepara el 150 cc y ya el 110 lo tenemos casi. Ya van a empezar las carreras y tambi\u00e9n vendo alfajores en el circuito\u201d, tras lo cual asegur\u00f3 en vistas a lo competitivo que \u201cme tengo mucha fe, quiero ganar el campeonato de Escuelita que es mi \u00faltimo a\u00f1o y despu\u00e9s ya paso a 150 cc\u201d.<\/p>\n<p><a href=\"https:\/\/primicias2262.com\/wp-content\/uploads\/2023\/02\/joaquin.jpg\"><img loading=\"lazy\" decoding=\"async\" class=\"alignleft size-medium wp-image-97242\" src=\"https:\/\/primicias2262.com\/wp-content\/uploads\/2023\/02\/joaquin-300x300.jpg\" alt=\"\" width=\"300\" height=\"300\" \/><\/a>Finalmente, al ser consultado por sus caracter\u00edsticas en pista, Joaqu\u00edn expres\u00f3 que \u201cen las carreras soy pensativo y si me dejan el hueco soy \u00e1spero\u201d, y no dud\u00f3 en afirmar que \u201cmi sue\u00f1o es ser corredor profesional\u201d.<\/p>\n<p>Adem\u00e1s, el ni\u00f1o destac\u00f3 la ayuda que recibi\u00f3 por parte de la influencer Belu Lucius, quien se encuentra de vacaciones en Necochea, y especific\u00f3 que la primera fecha es el 19 de febrero en Lober\u00eda. En vistas a ello, el pap\u00e1 de Joaqu\u00edn revel\u00f3 que \u201cternemos ganas de hacer la presentaci\u00f3n de Joaqu\u00edn este s\u00e1bado a la noche, poner el gazebo de \u00e9l en el parque. Las carreras son en Lober\u00eda, Tandil, Olavarr\u00eda y Laprida, ac\u00e1 no tenemos pista y lamentablemente hasta para practicar tenemos que irnos a Mar del Plata o a Lober\u00eda\u201d.<\/p>\n","protected":false},"excerpt":{"rendered":"<p>Acompa\u00f1ado por su pap\u00e1 Nicolas en los estudios de \u201cVoces de la Ciudad\u201d, Joaqu\u00edn Frad\u00edn dialog\u00f3 en nota con el periodista Jorge G\u00f3mez, donde cont\u00f3 a la audiencia c\u00f3mo se le ocurri\u00f3 vender alfajores para poder costear parte de su participaci\u00f3n en el zonal y sus sue\u00f1os a futuro. Primeramente, Nicol\u00e1s Frad\u00edn, el progenitor de [&hellip;]<\/p>\n","protected":false},"author":3,"featured_media":97223,"comment_status":"closed","ping_status":"closed","sticky":false,"template":"","format":"standard","meta":{"footnotes":""},"categories":[3],"tags":[],"class_list":["post-97269","post","type-post","status-publish","format-standard","has-post-thumbnail","category-masnoticias"],"_links":{"self":[{"href":"https:\/\/primicias2262.com\/noticias\/wp-json\/wp\/v2\/posts\/97269","targetHints":{"allow":["GET"]}}],"collection":[{"href":"https:\/\/primicias2262.com\/noticias\/wp-json\/wp\/v2\/posts"}],"about":[{"href":"https:\/\/primicias2262.com\/noticias\/wp-json\/wp\/v2\/types\/post"}],"author":[{"embeddable":true,"href":"https:\/\/primicias2262.com\/noticias\/wp-json\/wp\/v2\/users\/3"}],"replies":[{"embeddable":true,"href":"https:\/\/primicias2262.com\/noticias\/wp-json\/wp\/v2\/comments?post=97269"}],"version-history":[{"count":0,"href":"https:\/\/primicias2262.com\/noticias\/wp-json\/wp\/v2\/posts\/97269\/revisions"}],"wp:attachment":[{"href":"https:\/\/primicias2262.com\/noticias\/wp-json\/wp\/v2\/media?parent=97269"}],"wp:term":[{"taxonomy":"category","embeddable":true,"href":"https:\/\/primicias2262.com\/noticias\/wp-json\/wp\/v2\/categories?post=97269"},{"taxonomy":"post_tag","embeddable":true,"href":"https:\/\/primicias2262.com\/noticias\/wp-json\/wp\/v2\/tags?post=97269"}],"curies":[{"name":"wp","href":"https:\/\/api.w.org\/{rel}","templated":true}]}}