{"id":97287,"date":"2023-02-03T13:07:24","date_gmt":"2023-02-03T16:07:24","guid":{"rendered":"https:\/\/primicias2262.com\/?p=97287"},"modified":"2023-02-03T13:07:24","modified_gmt":"2023-02-03T16:07:24","slug":"este-domingo-en-el-velodromo-se-realizara-la-carrera-solidaria-el-samaritano-corre","status":"publish","type":"post","link":"https:\/\/primicias2262.com\/noticias\/este-domingo-en-el-velodromo-se-realizara-la-carrera-solidaria-el-samaritano-corre\/","title":{"rendered":"Este domingo en el Vel\u00f3dromo se realizar\u00e1 la carrera solidaria \u201cEl Samaritano Corre\u201d"},"content":{"rendered":"<p><strong>Este domingo 5 se realizar\u00e1 la primera edici\u00f3n de la carrera solidaria <u>El Samaritano Corre<\/u>. La instituci\u00f3n de nuestra ciudad que trabaja sobre las problem\u00e1ticas de consumo y asiste de manera gratuita a vecinos de nuestro medio.<\/strong><\/p>\n<p>El evento deportivo se realizar\u00e1 en el vel\u00f3dromo municipal, el domingo 5 de febrero teniendo horario de largada a partir de las 8, y tendr\u00e1 dos categor\u00edas la competitiva de 10 Km y la participativa de 4 Km (esta opci\u00f3n puede hacerse caminando). Lo recaudado en este evento servir\u00e1 para mejoras en la construcci\u00f3n de la sede ubicada en calle 14 entre 59 y 61.<\/p>\n<p>Desde la organizaci\u00f3n anunciaron que \u00absi todav\u00eda no te inscribiste aun estas a tiempo y pod\u00e9s hacerlo en la sede de calle 14-2949 hasta el s\u00e1bado 4 de febrero inclusive. Ante cualquier inquietud podes comun\u00edcate al 2262625232\u00bb.<\/p>\n","protected":false},"excerpt":{"rendered":"<p>Este domingo 5 se realizar\u00e1 la primera edici\u00f3n de la carrera solidaria El Samaritano Corre. La instituci\u00f3n de nuestra ciudad que trabaja sobre las problem\u00e1ticas de consumo y asiste de manera gratuita a vecinos de nuestro medio. El evento deportivo se realizar\u00e1 en el vel\u00f3dromo municipal, el domingo 5 de febrero teniendo horario de largada [&hellip;]<\/p>\n","protected":false},"author":3,"featured_media":97288,"comment_status":"closed","ping_status":"closed","sticky":false,"template":"","format":"standard","meta":{"footnotes":""},"categories":[3],"tags":[],"class_list":["post-97287","post","type-post","status-publish","format-standard","has-post-thumbnail","category-masnoticias"],"_links":{"self":[{"href":"https:\/\/primicias2262.com\/noticias\/wp-json\/wp\/v2\/posts\/97287","targetHints":{"allow":["GET"]}}],"collection":[{"href":"https:\/\/primicias2262.com\/noticias\/wp-json\/wp\/v2\/posts"}],"about":[{"href":"https:\/\/primicias2262.com\/noticias\/wp-json\/wp\/v2\/types\/post"}],"author":[{"embeddable":true,"href":"https:\/\/primicias2262.com\/noticias\/wp-json\/wp\/v2\/users\/3"}],"replies":[{"embeddable":true,"href":"https:\/\/primicias2262.com\/noticias\/wp-json\/wp\/v2\/comments?post=97287"}],"version-history":[{"count":0,"href":"https:\/\/primicias2262.com\/noticias\/wp-json\/wp\/v2\/posts\/97287\/revisions"}],"wp:attachment":[{"href":"https:\/\/primicias2262.com\/noticias\/wp-json\/wp\/v2\/media?parent=97287"}],"wp:term":[{"taxonomy":"category","embeddable":true,"href":"https:\/\/primicias2262.com\/noticias\/wp-json\/wp\/v2\/categories?post=97287"},{"taxonomy":"post_tag","embeddable":true,"href":"https:\/\/primicias2262.com\/noticias\/wp-json\/wp\/v2\/tags?post=97287"}],"curies":[{"name":"wp","href":"https:\/\/api.w.org\/{rel}","templated":true}]}}