{"id":97291,"date":"2023-02-04T14:23:02","date_gmt":"2023-02-04T17:23:02","guid":{"rendered":"https:\/\/primicias2262.com\/?p=97291"},"modified":"2023-02-04T14:23:02","modified_gmt":"2023-02-04T17:23:02","slug":"el-venidero-lunes-6-asumira-carola-bertoldi-al-frente-de-la-union-civica-radical","status":"publish","type":"post","link":"https:\/\/primicias2262.com\/noticias\/el-venidero-lunes-6-asumira-carola-bertoldi-al-frente-de-la-union-civica-radical\/","title":{"rendered":"Este lunes asume Carola Bertoldi al frente de la Uni\u00f3n C\u00edvica Radical"},"content":{"rendered":"<p><strong>El plenario en el Comit\u00e9 \u201cEmiliano Ab\u00e1solo\u201d de calle 57 entre 54 y 56 se anuncia para las 19 y podr\u00eda contar con la presencia del presidente del comit\u00e9 radical provincial, Maximiliano Abad.<\/strong><\/p>\n<p>En contacto telef\u00f3nico con el periodista Jorge G\u00f3mez para el programa \u201cVoces de la Ciudad\u201d, la Dra. Carola Bertoldi palpit\u00f3 su asunci\u00f3n al expresar que \u201cestamos muy contentos, organizando el acto de cara al lunes, es probable que tengamos la visita del presidente del comit\u00e9 de Provincia, Maximiliano Abad, que ha mostrado su inter\u00e9s por venir\u201d.<\/p>\n<p>Desde el lunes, Bertoldi por segunda vez conducir\u00e1 elradicalismo local, actor a su vez de la coalici\u00f3n Juntos con el Pro y Coalici\u00f3n C\u00edvica. \u201cA partir del lunes vamos empezar a trabajar con todos los actores para tener una propuesta de cara a las elecciones 2023 para todo el distrito de Necochea, tanto una propuesta desde el radicalismo como despu\u00e9s tendremos que preparar una propuesta desde Juntos\u201d.<\/p>\n<p>No obstante, lejos de pensar en nombres y candidatos, Bertoldi dej\u00f3 en claro que \u201cestamos hablando en primer lugar de tratar de lograr los mayores consensos dentro del partido y dentro de Juntos por el Cambio, as\u00ed que no se va a hablar de las candidaturas de nadie hasta tanto tener una propuesta com\u00fan. Queremos tener una buena propuesta y no los nombres por delante\u201d.<\/p>\n<p>Es m\u00e1s, reafirm\u00f3 que \u201cel principal objetivo es tener una propuesta \u00fanica dentro del partido y de coordinar lo m\u00e1s posible con todos los sectores de Junto por el Cambio. Hay muchos nombres y por eso hay que sentarse a trabajar. Creo que va a ser un a\u00f1o de mucho di\u00e1logo y de generar propuestas para Necochea\u201d.<\/p>\n","protected":false},"excerpt":{"rendered":"<p>El plenario en el Comit\u00e9 \u201cEmiliano Ab\u00e1solo\u201d de calle 57 entre 54 y 56 se anuncia para las 19 y podr\u00eda contar con la presencia del presidente del comit\u00e9 radical provincial, Maximiliano Abad. En contacto telef\u00f3nico con el periodista Jorge G\u00f3mez para el programa \u201cVoces de la Ciudad\u201d, la Dra. Carola Bertoldi palpit\u00f3 su asunci\u00f3n [&hellip;]<\/p>\n","protected":false},"author":3,"featured_media":95215,"comment_status":"closed","ping_status":"closed","sticky":false,"template":"","format":"standard","meta":{"footnotes":""},"categories":[3],"tags":[],"class_list":["post-97291","post","type-post","status-publish","format-standard","has-post-thumbnail","category-masnoticias"],"_links":{"self":[{"href":"https:\/\/primicias2262.com\/noticias\/wp-json\/wp\/v2\/posts\/97291","targetHints":{"allow":["GET"]}}],"collection":[{"href":"https:\/\/primicias2262.com\/noticias\/wp-json\/wp\/v2\/posts"}],"about":[{"href":"https:\/\/primicias2262.com\/noticias\/wp-json\/wp\/v2\/types\/post"}],"author":[{"embeddable":true,"href":"https:\/\/primicias2262.com\/noticias\/wp-json\/wp\/v2\/users\/3"}],"replies":[{"embeddable":true,"href":"https:\/\/primicias2262.com\/noticias\/wp-json\/wp\/v2\/comments?post=97291"}],"version-history":[{"count":0,"href":"https:\/\/primicias2262.com\/noticias\/wp-json\/wp\/v2\/posts\/97291\/revisions"}],"wp:attachment":[{"href":"https:\/\/primicias2262.com\/noticias\/wp-json\/wp\/v2\/media?parent=97291"}],"wp:term":[{"taxonomy":"category","embeddable":true,"href":"https:\/\/primicias2262.com\/noticias\/wp-json\/wp\/v2\/categories?post=97291"},{"taxonomy":"post_tag","embeddable":true,"href":"https:\/\/primicias2262.com\/noticias\/wp-json\/wp\/v2\/tags?post=97291"}],"curies":[{"name":"wp","href":"https:\/\/api.w.org\/{rel}","templated":true}]}}