{"id":97294,"date":"2023-02-04T14:29:52","date_gmt":"2023-02-04T17:29:52","guid":{"rendered":"https:\/\/primicias2262.com\/?p=97294"},"modified":"2023-02-04T14:29:52","modified_gmt":"2023-02-04T17:29:52","slug":"consejo-escolar-balance-muy-positivo-de-escuelas-en-verano-y-las-miras-puestas-en-el-ciclo-lectivo-2023","status":"publish","type":"post","link":"https:\/\/primicias2262.com\/noticias\/consejo-escolar-balance-muy-positivo-de-escuelas-en-verano-y-las-miras-puestas-en-el-ciclo-lectivo-2023\/","title":{"rendered":"Consejo Escolar: balance muy positivo de Escuelas en Verano y las miras puestas en el Ciclo Lectivo 2023"},"content":{"rendered":"<p><strong>La presidenta del Consejo Escolar de Necochea, Silvina Jensen, rescat\u00f3 la muy buena temporada de Escuelas Abiertas en Verano, pero adem\u00e1s habl\u00f3 de las obras p\u00fablicas en los colegios de cara al ciclo lectivo que se viene y afirm\u00f3: \u201cEscuela con riesgo de inicio de clases no hay ninguna\u201d.<\/strong><\/p>\n<p>En los estudios de \u201cVoces de la Ciudad\u201d, el periodista Jorge G\u00f3mez le consult\u00f3 primeramente a Jensen sobre las Escuelas Abiertas en Verano, que culminaron el pasado viernes 27 de enero, acerca de lo que asegur\u00f3 que \u201cya ve\u00edamos que en la previa hab\u00eda expectativa, mucho inter\u00e9s de las familias en las pre inscripciones y los ni\u00f1os por asistir, y fue muy positivo el balance, todas las sedes con muchos alumnos, algunas desbordaron m\u00e1s que otras, eran 22 en total\u201d.<\/p>\n<p>Adem\u00e1s, \u201clogramos abrir este a\u00f1o sede en Ram\u00f3n Santamarina que hac\u00eda a\u00f1os que no se daba. Hay un trabajo muy fuerte de Secretar\u00eda de Asuntos Docentes y de la Jefatura Distrital y se logr\u00f3 abrir, y tuvieron una matr\u00edcula de 22 chicos, que para Ram\u00f3n Santamarina es much\u00edsimo\u201d, rescat\u00f3.<\/p>\n<p><a href=\"https:\/\/primicias2262.com\/wp-content\/uploads\/2023\/02\/Silvina-Jensen-34.jpeg\"><img loading=\"lazy\" decoding=\"async\" class=\"aligncenter size-full wp-image-97302\" src=\"https:\/\/primicias2262.com\/wp-content\/uploads\/2023\/02\/Silvina-Jensen-34.jpeg\" alt=\"\" width=\"1024\" height=\"768\" \/><\/a><\/p>\n<p>Acto seguido, dio vuelta la p\u00e1gina y con la mira puesta en el ciclo lectivo inform\u00f3 que \u201cempezaremos el viernes 10 de febrero, ya el lunes 13 empiezan los alumnos que tienen que intensificar, as\u00ed que se reincorporan docentes y alumnos, son 10 d\u00edas de intensificaci\u00f3n y el mi\u00e9rcoles 1\u00ba de marzo todo el mundo a clase\u201d.<\/p>\n<p>La presidenta del Consejo Escolar no se mostr\u00f3 muy conforme con la fecha de inicio de clases justamente: \u201cPienso qu\u00e9 necesidad de empezar el 1\u00ba si pod\u00edamos haber arrancado el lunes 6 de marzo, y adem\u00e1s a las ciudades tur\u00edsticas les afecta mucho un inicio tan temprano\u201d, argument\u00f3, y opin\u00f3 que \u201cno creo que la calidad educativa pase tanto por la cantidad de d\u00edas h\u00e1biles en la escuela\u201d.<\/p>\n<p>En cuanto a obras p\u00fablicas en las escuelas, record\u00f3 que \u201calgunas est\u00e1n en marcha desde fin de 2022, como la T\u00e9cnica N\u00ba 1 con la ampliaci\u00f3n del taller; el arreglo de seis salones en la T\u00e9cnica N\u00ba 2, algo fundamental para ampliar el turno matutino en esa escuela y atender una demanda muy grande; y a la brevedad va a empezar en la Primaria N\u00ba 5 y N\u00ba 42 de La Dulce una obra de techos; y en el Jard\u00edn de Ram\u00f3n Santamarina, todo durante febrero\u201d.<\/p>\n<p>Respecto a transporte, \u201ctransportamos unos mil chicos por d\u00eda en el distrito y tenemos un trabajo arduo en eso, al igual que el servicio alimentario con las comidas, antes del 15 de febrero estamos con esos temas\u201d, se\u00f1al\u00f3, al tiempo que cont\u00f3 que \u201cingres\u00f3 dinero para pruebas de hermeticidad, limpieza de tanques, cambio de luminarias, aunque primero estamos saldando un poco de deudas del a\u00f1o pasado porque la inflaci\u00f3n ha comido los bolsillos, pero las escuelas se rompen y hay que ser agradecidos con los proveedores que sostienen los servicios aunque terminemos el a\u00f1o con deudas importantes que hay que saldar y vamos cancelando\u201d.<\/p>\n<p>Finalmente, Silvina revel\u00f3 que \u201cestuvimos recorriendo escuelas con la Jefa Regional, Ana Lidia Marincevic; y la Jefa Distrital Soledad Moreno, y escuela con riesgo de inicio de clases no hay ninguna\u201d.<\/p>\n","protected":false},"excerpt":{"rendered":"<p>La presidenta del Consejo Escolar de Necochea, Silvina Jensen, rescat\u00f3 la muy buena temporada de Escuelas Abiertas en Verano, pero adem\u00e1s habl\u00f3 de las obras p\u00fablicas en los colegios de cara al ciclo lectivo que se viene y afirm\u00f3: \u201cEscuela con riesgo de inicio de clases no hay ninguna\u201d. En los estudios de \u201cVoces de [&hellip;]<\/p>\n","protected":false},"author":3,"featured_media":75246,"comment_status":"closed","ping_status":"closed","sticky":false,"template":"","format":"standard","meta":{"footnotes":""},"categories":[3],"tags":[],"class_list":["post-97294","post","type-post","status-publish","format-standard","has-post-thumbnail","category-masnoticias"],"_links":{"self":[{"href":"https:\/\/primicias2262.com\/noticias\/wp-json\/wp\/v2\/posts\/97294","targetHints":{"allow":["GET"]}}],"collection":[{"href":"https:\/\/primicias2262.com\/noticias\/wp-json\/wp\/v2\/posts"}],"about":[{"href":"https:\/\/primicias2262.com\/noticias\/wp-json\/wp\/v2\/types\/post"}],"author":[{"embeddable":true,"href":"https:\/\/primicias2262.com\/noticias\/wp-json\/wp\/v2\/users\/3"}],"replies":[{"embeddable":true,"href":"https:\/\/primicias2262.com\/noticias\/wp-json\/wp\/v2\/comments?post=97294"}],"version-history":[{"count":0,"href":"https:\/\/primicias2262.com\/noticias\/wp-json\/wp\/v2\/posts\/97294\/revisions"}],"wp:attachment":[{"href":"https:\/\/primicias2262.com\/noticias\/wp-json\/wp\/v2\/media?parent=97294"}],"wp:term":[{"taxonomy":"category","embeddable":true,"href":"https:\/\/primicias2262.com\/noticias\/wp-json\/wp\/v2\/categories?post=97294"},{"taxonomy":"post_tag","embeddable":true,"href":"https:\/\/primicias2262.com\/noticias\/wp-json\/wp\/v2\/tags?post=97294"}],"curies":[{"name":"wp","href":"https:\/\/api.w.org\/{rel}","templated":true}]}}